{"id":122,"date":"2007-11-09T21:09:33","date_gmt":"2007-11-09T20:09:33","guid":{"rendered":"http:\/\/www.seriezeta.com\/k\/solidarik\/hombres-o-nenazas\/"},"modified":"2008-02-10T14:19:24","modified_gmt":"2008-02-10T13:19:24","slug":"hombres-o-nenazas","status":"publish","type":"post","link":"https:\/\/seriezeta.com\/k\/hombres-o-nenazas\/","title":{"rendered":"La Internacional de Los Hombres-Nenazas"},"content":{"rendered":"<p><font size=\"1\"><em>Sociedad &#8211; Informa: <strong>Sr.K<\/strong><\/em><\/font><\/p>\n<p>La \u00faltima escisi\u00f3n de la <strong>Confederaci\u00f3n Universal de Los Hombres-Hombres<\/strong> se ha venido a llamar <em><strong>La Internacional de Los Hombres-Nenazas<\/strong><\/em>. La salida de la organizaci\u00f3n del nuevo grupo masculino se desencaden\u00f3 tras la pregunta formulada por el presidente de la asamblea \u00ab<em>\u00bfQu\u00e9 somos?\u00bfHombres o Nenazas?<\/em>\u00bb en plena discusi\u00f3n sobre la idoneidad de poner los pies sobre la mesa en casa ajena.<\/p>\n<p>Seg\u00fan las propias palabras del l\u00edder de la mencionada escici\u00f3n, la principal motivaci\u00f3n que tienen para separarse de la <em>Confederaci\u00f3n<\/em> es el <strong>hartazgo<\/strong>. Est\u00e1n cansados de no poder quedar a tomar caf\u00e9s en lugar de quedar a tomar cervezas. Al parecer, por consenso en la <em>Confederaci\u00f3n<\/em>, se admite que un <strong>Hombre-Hombre<\/strong> quede a tomar caf\u00e9 siempre que sea con <strong>una mujer<\/strong> y con el \u00fanico y exclusivo objetivo de llegar a penetrarla o al menos magrearla. Lo que no se reconoce es el derecho de los Hombres a disfrutar de un caf\u00e9 en una cafeter\u00eda con otros Hombres a no ser que haya de por medio una partida de mus, subastao o las sieteymedia y el caf\u00e9 vaya acompa\u00f1ado de licores tipo orujo y\/o pachar\u00e1n.<\/p>\n<p><a target=\"_blank\" class=\"imagelink thickbox no_icon\" href=\"http:\/\/www.seriezeta.com\/k\/wp-content\/uploads\/2007\/11\/hombres_pensantes02.jpg\" title=\"\u00e1Atenci\u00f3n! Hombres pensando\"><img decoding=\"async\" id=\"image306\" src=\"http:\/\/www.seriezeta.com\/k\/wp-content\/uploads\/2007\/11\/hombres_pensantes01.jpg\" alt=\"\u00e1Atenci\u00f3n! Hombres pensando\" \/><\/a><\/p>\n<p><em><strong>La Internacional de Los Hombres-Nenazas<\/strong><\/em> recoge en su nombre un cl\u00e1sico dentro de los <em>retos<\/em> que continuamente se lanzan entre s\u00ed los <strong>Hombres-Hombres<\/strong>. Junto con el popular \u00ab<em>No hay cojones<\/em>\u00bb, el hecho de llamar a un Hombre <em><strong>Nenaza<\/strong><\/em> tiene implicaciones que van mucho m\u00e1s all\u00e1 de la t\u00edpica bravuconada masculina. Estas segundas implicaciones en principio negativas para los <strong>Hombres-Hombres<\/strong> son las que los miembros de esta nueva organizaci\u00f3n quieren potenciar y desarrollar para revalorizarlas y cultivarlas sin verg\u00fcenza.<\/p>\n<p>Una de las principales reivindicaciones de <em>La Internacional<\/em> es el <strong>derecho a llorar<\/strong> en soledad o en compa\u00f1\u00eda sin merecer el desprecio del resto de los Hombres y <strong>poder darse abrazos<\/strong> que no corten la respiraci\u00f3n ni acaben con una pechada. Tambi\u00e9n, pretenden conseguir relacionarse con el sexo femenino dejando como <strong>objetivo secundario<\/strong> la c\u00f3pula y ponerse nuevas metas como conseguir amistad y camarader\u00eda con sus contrarias.<\/p>\n<p>Por \u00faltimo, insisten en reafirmar su <strong>heterosexualidad<\/strong>, a pesar de su aparente <em>debilidad sensiblera<\/em>, frente a los <strong>Hombres-Hombres<\/strong>, a los que tildan de ser tan endog\u00e1micos y complacientes con su propio sexo que \u00faltimamente tienen actitudes cercanas a la <strong>Agrupaci\u00f3n de Hombres-Hombres por y para Hombres-Hombres<\/strong>, organizaci\u00f3n bandera (<a target=\"_blank\" href=\"http:\/\/es.wikipedia.org\/wiki\/Bandera_gay\">multicolor<\/a>) de la homosexualidad masculina.<\/p>\n<p>En relaci\u00f3n con esta reciente escici\u00f3n de la <strong>Confederaci\u00f3n Universal de Los Hombres-Hombres<\/strong> algunas voces han comenzado a hablar de crisis dentro de la instituci\u00f3n, ya que con la formaci\u00f3n de <em><strong>La Internacional de Los Hombres-Nenazas<\/strong><\/em> son dos las organizaciones surgidas por desacuerdos con la Confederaci\u00f3n. Antes de Los Hombres-Nenazas un peque\u00f1o grupo de Hombres-Hombres formaron la <strong>Asociaci\u00f3n No seremos muchos, pero s\u00ed que somos Machos<\/strong> que se alejaron de la Confederaci\u00f3n por discrepancias con la normativa interna sobre higiene personal.<\/p>\n<p><font size=\"1\">Banda Sonora recomendada:<\/font><\/p>\n<ul>\n<li><font size=\"1\"><em><strong>Se\u00f1ores<\/strong><\/em> x <a title=\"Antes de ellos no hab\u00eda nada\" target=\"_blank\" href=\"http:\/\/www.defcondos.com\/\">Def Con Dos<\/a> \u00abUltramemia\u00bb (1996).<\/font><br \/>\nhttp:\/\/www.seriezeta.com\/k\/recursos\/musique\/DCD_ultramemia.senhores.mp3 <\/li>\n<\/ul>\n","protected":false},"excerpt":{"rendered":"<p>Sociedad &#8211; Informa: Sr.K La \u00faltima escisi\u00f3n de la Confederaci\u00f3n Universal de Los Hombres-Hombres se ha venido a llamar La Internacional de Los Hombres-Nenazas. La salida de la organizaci\u00f3n del nuevo grupo masculino se desencaden\u00f3 tras la pregunta formulada por el presidente de la asamblea \u00ab\u00bfQu\u00e9 somos?\u00bfHombres o Nenazas?\u00bb en plena discusi\u00f3n sobre la idoneidad &hellip; <\/p>\n<p class=\"link-more\"><a href=\"https:\/\/seriezeta.com\/k\/hombres-o-nenazas\/\" class=\"more-link\">Continuar leyendo<span class=\"screen-reader-text\"> \u00abLa Internacional de Los Hombres-Nenazas\u00bb<\/span><\/a><\/p>\n","protected":false},"author":1,"featured_media":0,"comment_status":"open","ping_status":"open","sticky":false,"template":"","format":"standard","meta":{"footnotes":""},"categories":[12],"tags":[],"class_list":["post-122","post","type-post","status-publish","format-standard","hentry","category-solidarik"],"yoast_head":"<!-- This site is optimized with the Yoast SEO plugin v27.5 - https:\/\/yoast.com\/product\/yoast-seo-wordpress\/ -->\n<title>La Internacional de Los Hombres-Nenazas | Sr.K<\/title>\n<meta name=\"robots\" content=\"index, follow, max-snippet:-1, max-image-preview:large, max-video-preview:-1\" \/>\n<link rel=\"canonical\" href=\"https:\/\/seriezeta.com\/k\/hombres-o-nenazas\/\" \/>\n<meta property=\"og:locale\" content=\"es_ES\" \/>\n<meta property=\"og:type\" content=\"article\" \/>\n<meta property=\"og:title\" content=\"La Internacional de Los Hombres-Nenazas | Sr.K\" \/>\n<meta property=\"og:description\" content=\"Sociedad &#8211; Informa: Sr.K La \u00faltima escisi\u00f3n de la Confederaci\u00f3n Universal de Los Hombres-Hombres se ha venido a llamar La Internacional de Los Hombres-Nenazas. La salida de la organizaci\u00f3n del nuevo grupo masculino se desencaden\u00f3 tras la pregunta formulada por el presidente de la asamblea \u00ab\u00bfQu\u00e9 somos?\u00bfHombres o Nenazas?\u00bb en plena discusi\u00f3n sobre la idoneidad &hellip; Continuar leyendo &quot;La Internacional de Los Hombres-Nenazas&quot;\" \/>\n<meta property=\"og:url\" content=\"https:\/\/seriezeta.com\/k\/hombres-o-nenazas\/\" \/>\n<meta property=\"og:site_name\" content=\"Sr.K\" \/>\n<meta property=\"article:published_time\" content=\"2007-11-09T20:09:33+00:00\" \/>\n<meta property=\"article:modified_time\" content=\"2008-02-10T13:19:24+00:00\" \/>\n<meta property=\"og:image\" content=\"http:\/\/www.seriezeta.com\/k\/wp-content\/uploads\/2007\/11\/hombres_pensantes01.jpg\" \/>\n<meta name=\"author\" content=\"Sr.K\" \/>\n<meta name=\"twitter:card\" content=\"summary_large_image\" \/>\n<meta name=\"twitter:label1\" content=\"Escrito por\" \/>\n\t<meta name=\"twitter:data1\" content=\"Sr.K\" \/>\n\t<meta name=\"twitter:label2\" content=\"Tiempo de lectura\" \/>\n\t<meta name=\"twitter:data2\" content=\"3 minutos\" \/>\n<script type=\"application\/ld+json\" class=\"yoast-schema-graph\">{\"@context\":\"https:\\\/\\\/schema.org\",\"@graph\":[{\"@type\":\"Article\",\"@id\":\"https:\\\/\\\/seriezeta.com\\\/k\\\/hombres-o-nenazas\\\/#article\",\"isPartOf\":{\"@id\":\"https:\\\/\\\/seriezeta.com\\\/k\\\/hombres-o-nenazas\\\/\"},\"author\":{\"name\":\"Sr.K\",\"@id\":\"https:\\\/\\\/seriezeta.com\\\/k\\\/#\\\/schema\\\/person\\\/d1f097e765b92b7107a595f83c662e3a\"},\"headline\":\"La Internacional de Los Hombres-Nenazas\",\"datePublished\":\"2007-11-09T20:09:33+00:00\",\"dateModified\":\"2008-02-10T13:19:24+00:00\",\"mainEntityOfPage\":{\"@id\":\"https:\\\/\\\/seriezeta.com\\\/k\\\/hombres-o-nenazas\\\/\"},\"wordCount\":535,\"commentCount\":12,\"image\":{\"@id\":\"https:\\\/\\\/seriezeta.com\\\/k\\\/hombres-o-nenazas\\\/#primaryimage\"},\"thumbnailUrl\":\"http:\\\/\\\/www.seriezeta.com\\\/k\\\/wp-content\\\/uploads\\\/2007\\\/11\\\/hombres_pensantes01.jpg\",\"articleSection\":[\"Solid\u00e1ri.K\"],\"inLanguage\":\"es\",\"potentialAction\":[{\"@type\":\"CommentAction\",\"name\":\"Comment\",\"target\":[\"https:\\\/\\\/seriezeta.com\\\/k\\\/hombres-o-nenazas\\\/#respond\"]}]},{\"@type\":\"WebPage\",\"@id\":\"https:\\\/\\\/seriezeta.com\\\/k\\\/hombres-o-nenazas\\\/\",\"url\":\"https:\\\/\\\/seriezeta.com\\\/k\\\/hombres-o-nenazas\\\/\",\"name\":\"La Internacional de Los Hombres-Nenazas | Sr.K\",\"isPartOf\":{\"@id\":\"https:\\\/\\\/seriezeta.com\\\/k\\\/#website\"},\"primaryImageOfPage\":{\"@id\":\"https:\\\/\\\/seriezeta.com\\\/k\\\/hombres-o-nenazas\\\/#primaryimage\"},\"image\":{\"@id\":\"https:\\\/\\\/seriezeta.com\\\/k\\\/hombres-o-nenazas\\\/#primaryimage\"},\"thumbnailUrl\":\"http:\\\/\\\/www.seriezeta.com\\\/k\\\/wp-content\\\/uploads\\\/2007\\\/11\\\/hombres_pensantes01.jpg\",\"datePublished\":\"2007-11-09T20:09:33+00:00\",\"dateModified\":\"2008-02-10T13:19:24+00:00\",\"author\":{\"@id\":\"https:\\\/\\\/seriezeta.com\\\/k\\\/#\\\/schema\\\/person\\\/d1f097e765b92b7107a595f83c662e3a\"},\"breadcrumb\":{\"@id\":\"https:\\\/\\\/seriezeta.com\\\/k\\\/hombres-o-nenazas\\\/#breadcrumb\"},\"inLanguage\":\"es\",\"potentialAction\":[{\"@type\":\"ReadAction\",\"target\":[\"https:\\\/\\\/seriezeta.com\\\/k\\\/hombres-o-nenazas\\\/\"]}]},{\"@type\":\"ImageObject\",\"inLanguage\":\"es\",\"@id\":\"https:\\\/\\\/seriezeta.com\\\/k\\\/hombres-o-nenazas\\\/#primaryimage\",\"url\":\"http:\\\/\\\/www.seriezeta.com\\\/k\\\/wp-content\\\/uploads\\\/2007\\\/11\\\/hombres_pensantes01.jpg\",\"contentUrl\":\"http:\\\/\\\/www.seriezeta.com\\\/k\\\/wp-content\\\/uploads\\\/2007\\\/11\\\/hombres_pensantes01.jpg\"},{\"@type\":\"BreadcrumbList\",\"@id\":\"https:\\\/\\\/seriezeta.com\\\/k\\\/hombres-o-nenazas\\\/#breadcrumb\",\"itemListElement\":[{\"@type\":\"ListItem\",\"position\":1,\"name\":\"Portada\",\"item\":\"https:\\\/\\\/seriezeta.com\\\/k\\\/\"},{\"@type\":\"ListItem\",\"position\":2,\"name\":\"La Internacional de Los Hombres-Nenazas\"}]},{\"@type\":\"WebSite\",\"@id\":\"https:\\\/\\\/seriezeta.com\\\/k\\\/#website\",\"url\":\"https:\\\/\\\/seriezeta.com\\\/k\\\/\",\"name\":\"Sr.K\",\"description\":\"Del lado sano de mi cabeza\",\"potentialAction\":[{\"@type\":\"SearchAction\",\"target\":{\"@type\":\"EntryPoint\",\"urlTemplate\":\"https:\\\/\\\/seriezeta.com\\\/k\\\/?s={search_term_string}\"},\"query-input\":{\"@type\":\"PropertyValueSpecification\",\"valueRequired\":true,\"valueName\":\"search_term_string\"}}],\"inLanguage\":\"es\"},{\"@type\":\"Person\",\"@id\":\"https:\\\/\\\/seriezeta.com\\\/k\\\/#\\\/schema\\\/person\\\/d1f097e765b92b7107a595f83c662e3a\",\"name\":\"Sr.K\",\"image\":{\"@type\":\"ImageObject\",\"inLanguage\":\"es\",\"@id\":\"https:\\\/\\\/secure.gravatar.com\\\/avatar\\\/f4150216c027d16d7fd4f3ef1ab6d1e8084b025230e575ff77617dae33692535?s=96&d=mm&r=g\",\"url\":\"https:\\\/\\\/secure.gravatar.com\\\/avatar\\\/f4150216c027d16d7fd4f3ef1ab6d1e8084b025230e575ff77617dae33692535?s=96&d=mm&r=g\",\"contentUrl\":\"https:\\\/\\\/secure.gravatar.com\\\/avatar\\\/f4150216c027d16d7fd4f3ef1ab6d1e8084b025230e575ff77617dae33692535?s=96&d=mm&r=g\",\"caption\":\"Sr.K\"},\"description\":\"Reflexiones, narraciones y elucubraciones diversas acompa\u00f1adas de fotograf\u00eda y m\u00fasica.\",\"sameAs\":[\"http:\\\/\\\/www.seriezeta.com\\\/k\\\/\"]}]}<\/script>\n<!-- \/ Yoast SEO plugin. -->","yoast_head_json":{"title":"La Internacional de Los Hombres-Nenazas | Sr.K","robots":{"index":"index","follow":"follow","max-snippet":"max-snippet:-1","max-image-preview":"max-image-preview:large","max-video-preview":"max-video-preview:-1"},"canonical":"https:\/\/seriezeta.com\/k\/hombres-o-nenazas\/","og_locale":"es_ES","og_type":"article","og_title":"La Internacional de Los Hombres-Nenazas | Sr.K","og_description":"Sociedad &#8211; Informa: Sr.K La \u00faltima escisi\u00f3n de la Confederaci\u00f3n Universal de Los Hombres-Hombres se ha venido a llamar La Internacional de Los Hombres-Nenazas. La salida de la organizaci\u00f3n del nuevo grupo masculino se desencaden\u00f3 tras la pregunta formulada por el presidente de la asamblea \u00ab\u00bfQu\u00e9 somos?\u00bfHombres o Nenazas?\u00bb en plena discusi\u00f3n sobre la idoneidad &hellip; Continuar leyendo \"La Internacional de Los Hombres-Nenazas\"","og_url":"https:\/\/seriezeta.com\/k\/hombres-o-nenazas\/","og_site_name":"Sr.K","article_published_time":"2007-11-09T20:09:33+00:00","article_modified_time":"2008-02-10T13:19:24+00:00","og_image":[{"url":"http:\/\/www.seriezeta.com\/k\/wp-content\/uploads\/2007\/11\/hombres_pensantes01.jpg","type":"","width":"","height":""}],"author":"Sr.K","twitter_card":"summary_large_image","twitter_misc":{"Escrito por":"Sr.K","Tiempo de lectura":"3 minutos"},"schema":{"@context":"https:\/\/schema.org","@graph":[{"@type":"Article","@id":"https:\/\/seriezeta.com\/k\/hombres-o-nenazas\/#article","isPartOf":{"@id":"https:\/\/seriezeta.com\/k\/hombres-o-nenazas\/"},"author":{"name":"Sr.K","@id":"https:\/\/seriezeta.com\/k\/#\/schema\/person\/d1f097e765b92b7107a595f83c662e3a"},"headline":"La Internacional de Los Hombres-Nenazas","datePublished":"2007-11-09T20:09:33+00:00","dateModified":"2008-02-10T13:19:24+00:00","mainEntityOfPage":{"@id":"https:\/\/seriezeta.com\/k\/hombres-o-nenazas\/"},"wordCount":535,"commentCount":12,"image":{"@id":"https:\/\/seriezeta.com\/k\/hombres-o-nenazas\/#primaryimage"},"thumbnailUrl":"http:\/\/www.seriezeta.com\/k\/wp-content\/uploads\/2007\/11\/hombres_pensantes01.jpg","articleSection":["Solid\u00e1ri.K"],"inLanguage":"es","potentialAction":[{"@type":"CommentAction","name":"Comment","target":["https:\/\/seriezeta.com\/k\/hombres-o-nenazas\/#respond"]}]},{"@type":"WebPage","@id":"https:\/\/seriezeta.com\/k\/hombres-o-nenazas\/","url":"https:\/\/seriezeta.com\/k\/hombres-o-nenazas\/","name":"La Internacional de Los Hombres-Nenazas | Sr.K","isPartOf":{"@id":"https:\/\/seriezeta.com\/k\/#website"},"primaryImageOfPage":{"@id":"https:\/\/seriezeta.com\/k\/hombres-o-nenazas\/#primaryimage"},"image":{"@id":"https:\/\/seriezeta.com\/k\/hombres-o-nenazas\/#primaryimage"},"thumbnailUrl":"http:\/\/www.seriezeta.com\/k\/wp-content\/uploads\/2007\/11\/hombres_pensantes01.jpg","datePublished":"2007-11-09T20:09:33+00:00","dateModified":"2008-02-10T13:19:24+00:00","author":{"@id":"https:\/\/seriezeta.com\/k\/#\/schema\/person\/d1f097e765b92b7107a595f83c662e3a"},"breadcrumb":{"@id":"https:\/\/seriezeta.com\/k\/hombres-o-nenazas\/#breadcrumb"},"inLanguage":"es","potentialAction":[{"@type":"ReadAction","target":["https:\/\/seriezeta.com\/k\/hombres-o-nenazas\/"]}]},{"@type":"ImageObject","inLanguage":"es","@id":"https:\/\/seriezeta.com\/k\/hombres-o-nenazas\/#primaryimage","url":"http:\/\/www.seriezeta.com\/k\/wp-content\/uploads\/2007\/11\/hombres_pensantes01.jpg","contentUrl":"http:\/\/www.seriezeta.com\/k\/wp-content\/uploads\/2007\/11\/hombres_pensantes01.jpg"},{"@type":"BreadcrumbList","@id":"https:\/\/seriezeta.com\/k\/hombres-o-nenazas\/#breadcrumb","itemListElement":[{"@type":"ListItem","position":1,"name":"Portada","item":"https:\/\/seriezeta.com\/k\/"},{"@type":"ListItem","position":2,"name":"La Internacional de Los Hombres-Nenazas"}]},{"@type":"WebSite","@id":"https:\/\/seriezeta.com\/k\/#website","url":"https:\/\/seriezeta.com\/k\/","name":"Sr.K","description":"Del lado sano de mi cabeza","potentialAction":[{"@type":"SearchAction","target":{"@type":"EntryPoint","urlTemplate":"https:\/\/seriezeta.com\/k\/?s={search_term_string}"},"query-input":{"@type":"PropertyValueSpecification","valueRequired":true,"valueName":"search_term_string"}}],"inLanguage":"es"},{"@type":"Person","@id":"https:\/\/seriezeta.com\/k\/#\/schema\/person\/d1f097e765b92b7107a595f83c662e3a","name":"Sr.K","image":{"@type":"ImageObject","inLanguage":"es","@id":"https:\/\/secure.gravatar.com\/avatar\/f4150216c027d16d7fd4f3ef1ab6d1e8084b025230e575ff77617dae33692535?s=96&d=mm&r=g","url":"https:\/\/secure.gravatar.com\/avatar\/f4150216c027d16d7fd4f3ef1ab6d1e8084b025230e575ff77617dae33692535?s=96&d=mm&r=g","contentUrl":"https:\/\/secure.gravatar.com\/avatar\/f4150216c027d16d7fd4f3ef1ab6d1e8084b025230e575ff77617dae33692535?s=96&d=mm&r=g","caption":"Sr.K"},"description":"Reflexiones, narraciones y elucubraciones diversas acompa\u00f1adas de fotograf\u00eda y m\u00fasica.","sameAs":["http:\/\/www.seriezeta.com\/k\/"]}]}},"_links":{"self":[{"href":"https:\/\/seriezeta.com\/k\/wp-json\/wp\/v2\/posts\/122","targetHints":{"allow":["GET"]}}],"collection":[{"href":"https:\/\/seriezeta.com\/k\/wp-json\/wp\/v2\/posts"}],"about":[{"href":"https:\/\/seriezeta.com\/k\/wp-json\/wp\/v2\/types\/post"}],"author":[{"embeddable":true,"href":"https:\/\/seriezeta.com\/k\/wp-json\/wp\/v2\/users\/1"}],"replies":[{"embeddable":true,"href":"https:\/\/seriezeta.com\/k\/wp-json\/wp\/v2\/comments?post=122"}],"version-history":[{"count":0,"href":"https:\/\/seriezeta.com\/k\/wp-json\/wp\/v2\/posts\/122\/revisions"}],"wp:attachment":[{"href":"https:\/\/seriezeta.com\/k\/wp-json\/wp\/v2\/media?parent=122"}],"wp:term":[{"taxonomy":"category","embeddable":true,"href":"https:\/\/seriezeta.com\/k\/wp-json\/wp\/v2\/categories?post=122"},{"taxonomy":"post_tag","embeddable":true,"href":"https:\/\/seriezeta.com\/k\/wp-json\/wp\/v2\/tags?post=122"}],"curies":[{"name":"wp","href":"https:\/\/api.w.org\/{rel}","templated":true}]}}