{"id":18,"date":"2007-02-01T22:33:44","date_gmt":"2007-02-01T21:33:44","guid":{"rendered":"http:\/\/www.seriezeta.com\/k\/filosofik\/habladores-y-escuchadores\/"},"modified":"2007-03-09T09:22:47","modified_gmt":"2007-03-09T08:22:47","slug":"habladores-y-escuchadores","status":"publish","type":"post","link":"https:\/\/seriezeta.com\/k\/habladores-y-escuchadores\/","title":{"rendered":"Habladores y escuchadores"},"content":{"rendered":"<p>Simplemente: LO &Uacute;NICO QUE QUIERE LA GENTE ES QUE ALGUIEN SE PARE Y LE <strong>ESCUCHE<\/strong>.* &quot;<em>&iexcl;Jei, haceime caso, payos!<\/em>&quot; <font size=\"1\">*(demostrado por 1 de cada 10 otorrinolaring&oacute;logos)<\/font><\/p>\n<p>Cuando una persona empieza a hablar sola, le quedan dos opciones: o dejar de hacerlo definitivamente o continuar hablando para s&iacute; misma, a pesar de toda esa gente que se&ntilde;ala con el dedo en su direcci&oacute;n y cuchichea. Este &uacute;ltimo caso es el m&aacute;gico paso de <strong>hablador<\/strong> a&nbsp; <a href=\"http:\/\/www.rtve.es\/tve\/b\/loslunnis\/index.htm\" target=\"_blank\" title=\"Lun\u00e1ticos Cat\u00f3dicos-plasm\u00f3dicos-LCD\">lun&aacute;tico<\/a>.  Pero, no nos enga&ntilde;emos, el <strong>hablador necesita a un escuchador<\/strong>, al igual que el lun&aacute;tico necesita a la luna para aullar. No hace falta que exista comprensi&oacute;n por parte del escuchador. Con un ligero movimiento de cabeza y conatos de interrupci&oacute;n, que nunca lleguen a romper el flujo de palabras del <em>hablador-lun&aacute;tico<\/em> es suficiente.<\/p>\n<p><a class=\"imagelink thickbox no_icon\" href=\"http:\/\/www.seriezeta.com\/k\/wp-content\/uploads\/2007\/02\/habladores_sileciosos02.jpg\" title=\"Hablando sin palabras\"><img decoding=\"async\" id=\"image139\" src=\"http:\/\/www.seriezeta.com\/k\/wp-content\/uploads\/2007\/02\/habladores_sileciosos01.jpg\" alt=\"Hablando sin palabras\" \/><\/a><\/p>\n<p>Lo dec&iacute;a Freud y muchas madres y padres lo saben; <strong>vivir enga&ntilde;ados es vivir felices<\/strong>. &iexcl;Qu&eacute; tragic&oacute;mico! Sabemos que nadie va a llegar a comprender como nosotros mismos nuestras ideas pero, nos autoenga&ntilde;amos para seguir teniendo fuerza para difundir nuestra ideaolog\u00eda. Y es que todos somos la persona <strong>m&aacute;s interesante<\/strong> del mundo&#8230; para nosotros mismos. Es pues el oficio de hablador una manifestaci&oacute;n integrista del ego, pero como de pacotilla.<\/p>\n<p>Hablar y dar la chapa es un ejercicio de verborrea, pero el de escuchar es una pr&aacute;ctica <strong>espiatoria<\/strong>, como el <strong>chivo<\/strong>, aunque en realidad sea expiatorio. Un buen hablador cuenta con el pacto t&aacute;cito del escuchador. Para el resto, Dios invent&oacute; los <strong>blogs<\/strong>.<\/p>\n<p><font size=\"1\">Banda Sonora recomendada:<\/font><\/p>\n<ul>\n<li><font size=\"1\"><strong>\u00abEscucha\u00bb<\/strong> x <a title=\"Rock cantabr\u00f3n\" target=\"_blank\" href=\"http:\/\/www.losdeltonos.com\">Los Deltonos<\/a> &#8211; Bien, mejor (1992).<\/font><object classid=\"clsid:D27CDB6E-AE6D-11cf-96B8-444553540000\" codebase=\"http:\/\/download.macromedia.com\/pub\/shockwave\/cabs\/flash\/swflash.cab#version=6,0,29,0\" width=\"366\" height=\"75\"><param name=\"movie\" value=\"http:\/\/www.goear.com\/files\/localplayer.swf\" \/><param name=\"FlashVars\" value=\"file=249de60\" \/><param name=\"quality\" value=\"high\" \/><embed src=\"http:\/\/www.goear.com\/files\/localplayer.swf\" flashvars=\"file=249de60\" quality=\"high\" pluginspage=\"http:\/\/www.macromedia.com\/go\/getflashplayer\" type=\"application\/x-shockwave-flash\" width=\"366\" height=\"75\"><\/embed><\/object><\/li>\n<\/ul>\n","protected":false},"excerpt":{"rendered":"<p>Simplemente: LO &Uacute;NICO QUE QUIERE LA GENTE ES QUE ALGUIEN SE PARE Y LE ESCUCHE.* &quot;&iexcl;Jei, haceime caso, payos!&quot; *(demostrado por 1 de cada 10 otorrinolaring&oacute;logos) Cuando una persona empieza a hablar sola, le quedan dos opciones: o dejar de hacerlo definitivamente o continuar hablando para s&iacute; misma, a pesar de toda esa gente que &hellip; <\/p>\n<p class=\"link-more\"><a href=\"https:\/\/seriezeta.com\/k\/habladores-y-escuchadores\/\" class=\"more-link\">Continuar leyendo<span class=\"screen-reader-text\"> \u00abHabladores y escuchadores\u00bb<\/span><\/a><\/p>\n","protected":false},"author":1,"featured_media":0,"comment_status":"open","ping_status":"open","sticky":false,"template":"","format":"standard","meta":{"footnotes":""},"categories":[13],"tags":[],"class_list":["post-18","post","type-post","status-publish","format-standard","hentry","category-filosofik"],"yoast_head":"<!-- This site is optimized with the Yoast SEO plugin v27.5 - https:\/\/yoast.com\/product\/yoast-seo-wordpress\/ -->\n<title>Habladores y escuchadores | Sr.K<\/title>\n<meta name=\"robots\" content=\"index, follow, max-snippet:-1, max-image-preview:large, max-video-preview:-1\" \/>\n<link rel=\"canonical\" href=\"https:\/\/seriezeta.com\/k\/habladores-y-escuchadores\/\" \/>\n<meta property=\"og:locale\" content=\"es_ES\" \/>\n<meta property=\"og:type\" content=\"article\" \/>\n<meta property=\"og:title\" content=\"Habladores y escuchadores | Sr.K\" \/>\n<meta property=\"og:description\" content=\"Simplemente: LO &Uacute;NICO QUE QUIERE LA GENTE ES QUE ALGUIEN SE PARE Y LE ESCUCHE.* &quot;&iexcl;Jei, haceime caso, payos!&quot; *(demostrado por 1 de cada 10 otorrinolaring&oacute;logos) Cuando una persona empieza a hablar sola, le quedan dos opciones: o dejar de hacerlo definitivamente o continuar hablando para s&iacute; misma, a pesar de toda esa gente que &hellip; Continuar leyendo &quot;Habladores y escuchadores&quot;\" \/>\n<meta property=\"og:url\" content=\"https:\/\/seriezeta.com\/k\/habladores-y-escuchadores\/\" \/>\n<meta property=\"og:site_name\" content=\"Sr.K\" \/>\n<meta property=\"article:published_time\" content=\"2007-02-01T21:33:44+00:00\" \/>\n<meta property=\"article:modified_time\" content=\"2007-03-09T08:22:47+00:00\" \/>\n<meta property=\"og:image\" content=\"http:\/\/www.seriezeta.com\/k\/wp-content\/uploads\/2007\/02\/habladores_sileciosos01.jpg\" \/>\n<meta name=\"author\" content=\"Sr.K\" \/>\n<meta name=\"twitter:card\" content=\"summary_large_image\" \/>\n<meta name=\"twitter:label1\" content=\"Escrito por\" \/>\n\t<meta name=\"twitter:data1\" content=\"Sr.K\" \/>\n\t<meta name=\"twitter:label2\" content=\"Tiempo de lectura\" \/>\n\t<meta name=\"twitter:data2\" content=\"1 minuto\" \/>\n<script type=\"application\/ld+json\" class=\"yoast-schema-graph\">{\"@context\":\"https:\\\/\\\/schema.org\",\"@graph\":[{\"@type\":\"Article\",\"@id\":\"https:\\\/\\\/seriezeta.com\\\/k\\\/habladores-y-escuchadores\\\/#article\",\"isPartOf\":{\"@id\":\"https:\\\/\\\/seriezeta.com\\\/k\\\/habladores-y-escuchadores\\\/\"},\"author\":{\"name\":\"Sr.K\",\"@id\":\"https:\\\/\\\/seriezeta.com\\\/k\\\/#\\\/schema\\\/person\\\/d1f097e765b92b7107a595f83c662e3a\"},\"headline\":\"Habladores y escuchadores\",\"datePublished\":\"2007-02-01T21:33:44+00:00\",\"dateModified\":\"2007-03-09T08:22:47+00:00\",\"mainEntityOfPage\":{\"@id\":\"https:\\\/\\\/seriezeta.com\\\/k\\\/habladores-y-escuchadores\\\/\"},\"wordCount\":300,\"commentCount\":9,\"image\":{\"@id\":\"https:\\\/\\\/seriezeta.com\\\/k\\\/habladores-y-escuchadores\\\/#primaryimage\"},\"thumbnailUrl\":\"http:\\\/\\\/www.seriezeta.com\\\/k\\\/wp-content\\\/uploads\\\/2007\\\/02\\\/habladores_sileciosos01.jpg\",\"articleSection\":[\"Filos\u00f3fi.K\"],\"inLanguage\":\"es\",\"potentialAction\":[{\"@type\":\"CommentAction\",\"name\":\"Comment\",\"target\":[\"https:\\\/\\\/seriezeta.com\\\/k\\\/habladores-y-escuchadores\\\/#respond\"]}]},{\"@type\":\"WebPage\",\"@id\":\"https:\\\/\\\/seriezeta.com\\\/k\\\/habladores-y-escuchadores\\\/\",\"url\":\"https:\\\/\\\/seriezeta.com\\\/k\\\/habladores-y-escuchadores\\\/\",\"name\":\"Habladores y escuchadores | Sr.K\",\"isPartOf\":{\"@id\":\"https:\\\/\\\/seriezeta.com\\\/k\\\/#website\"},\"primaryImageOfPage\":{\"@id\":\"https:\\\/\\\/seriezeta.com\\\/k\\\/habladores-y-escuchadores\\\/#primaryimage\"},\"image\":{\"@id\":\"https:\\\/\\\/seriezeta.com\\\/k\\\/habladores-y-escuchadores\\\/#primaryimage\"},\"thumbnailUrl\":\"http:\\\/\\\/www.seriezeta.com\\\/k\\\/wp-content\\\/uploads\\\/2007\\\/02\\\/habladores_sileciosos01.jpg\",\"datePublished\":\"2007-02-01T21:33:44+00:00\",\"dateModified\":\"2007-03-09T08:22:47+00:00\",\"author\":{\"@id\":\"https:\\\/\\\/seriezeta.com\\\/k\\\/#\\\/schema\\\/person\\\/d1f097e765b92b7107a595f83c662e3a\"},\"breadcrumb\":{\"@id\":\"https:\\\/\\\/seriezeta.com\\\/k\\\/habladores-y-escuchadores\\\/#breadcrumb\"},\"inLanguage\":\"es\",\"potentialAction\":[{\"@type\":\"ReadAction\",\"target\":[\"https:\\\/\\\/seriezeta.com\\\/k\\\/habladores-y-escuchadores\\\/\"]}]},{\"@type\":\"ImageObject\",\"inLanguage\":\"es\",\"@id\":\"https:\\\/\\\/seriezeta.com\\\/k\\\/habladores-y-escuchadores\\\/#primaryimage\",\"url\":\"http:\\\/\\\/www.seriezeta.com\\\/k\\\/wp-content\\\/uploads\\\/2007\\\/02\\\/habladores_sileciosos01.jpg\",\"contentUrl\":\"http:\\\/\\\/www.seriezeta.com\\\/k\\\/wp-content\\\/uploads\\\/2007\\\/02\\\/habladores_sileciosos01.jpg\"},{\"@type\":\"BreadcrumbList\",\"@id\":\"https:\\\/\\\/seriezeta.com\\\/k\\\/habladores-y-escuchadores\\\/#breadcrumb\",\"itemListElement\":[{\"@type\":\"ListItem\",\"position\":1,\"name\":\"Portada\",\"item\":\"https:\\\/\\\/seriezeta.com\\\/k\\\/\"},{\"@type\":\"ListItem\",\"position\":2,\"name\":\"Habladores y escuchadores\"}]},{\"@type\":\"WebSite\",\"@id\":\"https:\\\/\\\/seriezeta.com\\\/k\\\/#website\",\"url\":\"https:\\\/\\\/seriezeta.com\\\/k\\\/\",\"name\":\"Sr.K\",\"description\":\"Del lado sano de mi cabeza\",\"potentialAction\":[{\"@type\":\"SearchAction\",\"target\":{\"@type\":\"EntryPoint\",\"urlTemplate\":\"https:\\\/\\\/seriezeta.com\\\/k\\\/?s={search_term_string}\"},\"query-input\":{\"@type\":\"PropertyValueSpecification\",\"valueRequired\":true,\"valueName\":\"search_term_string\"}}],\"inLanguage\":\"es\"},{\"@type\":\"Person\",\"@id\":\"https:\\\/\\\/seriezeta.com\\\/k\\\/#\\\/schema\\\/person\\\/d1f097e765b92b7107a595f83c662e3a\",\"name\":\"Sr.K\",\"image\":{\"@type\":\"ImageObject\",\"inLanguage\":\"es\",\"@id\":\"https:\\\/\\\/secure.gravatar.com\\\/avatar\\\/f4150216c027d16d7fd4f3ef1ab6d1e8084b025230e575ff77617dae33692535?s=96&d=mm&r=g\",\"url\":\"https:\\\/\\\/secure.gravatar.com\\\/avatar\\\/f4150216c027d16d7fd4f3ef1ab6d1e8084b025230e575ff77617dae33692535?s=96&d=mm&r=g\",\"contentUrl\":\"https:\\\/\\\/secure.gravatar.com\\\/avatar\\\/f4150216c027d16d7fd4f3ef1ab6d1e8084b025230e575ff77617dae33692535?s=96&d=mm&r=g\",\"caption\":\"Sr.K\"},\"description\":\"Reflexiones, narraciones y elucubraciones diversas acompa\u00f1adas de fotograf\u00eda y m\u00fasica.\",\"sameAs\":[\"http:\\\/\\\/www.seriezeta.com\\\/k\\\/\"]}]}<\/script>\n<!-- \/ Yoast SEO plugin. -->","yoast_head_json":{"title":"Habladores y escuchadores | Sr.K","robots":{"index":"index","follow":"follow","max-snippet":"max-snippet:-1","max-image-preview":"max-image-preview:large","max-video-preview":"max-video-preview:-1"},"canonical":"https:\/\/seriezeta.com\/k\/habladores-y-escuchadores\/","og_locale":"es_ES","og_type":"article","og_title":"Habladores y escuchadores | Sr.K","og_description":"Simplemente: LO &Uacute;NICO QUE QUIERE LA GENTE ES QUE ALGUIEN SE PARE Y LE ESCUCHE.* &quot;&iexcl;Jei, haceime caso, payos!&quot; *(demostrado por 1 de cada 10 otorrinolaring&oacute;logos) Cuando una persona empieza a hablar sola, le quedan dos opciones: o dejar de hacerlo definitivamente o continuar hablando para s&iacute; misma, a pesar de toda esa gente que &hellip; Continuar leyendo \"Habladores y escuchadores\"","og_url":"https:\/\/seriezeta.com\/k\/habladores-y-escuchadores\/","og_site_name":"Sr.K","article_published_time":"2007-02-01T21:33:44+00:00","article_modified_time":"2007-03-09T08:22:47+00:00","og_image":[{"url":"http:\/\/www.seriezeta.com\/k\/wp-content\/uploads\/2007\/02\/habladores_sileciosos01.jpg","type":"","width":"","height":""}],"author":"Sr.K","twitter_card":"summary_large_image","twitter_misc":{"Escrito por":"Sr.K","Tiempo de lectura":"1 minuto"},"schema":{"@context":"https:\/\/schema.org","@graph":[{"@type":"Article","@id":"https:\/\/seriezeta.com\/k\/habladores-y-escuchadores\/#article","isPartOf":{"@id":"https:\/\/seriezeta.com\/k\/habladores-y-escuchadores\/"},"author":{"name":"Sr.K","@id":"https:\/\/seriezeta.com\/k\/#\/schema\/person\/d1f097e765b92b7107a595f83c662e3a"},"headline":"Habladores y escuchadores","datePublished":"2007-02-01T21:33:44+00:00","dateModified":"2007-03-09T08:22:47+00:00","mainEntityOfPage":{"@id":"https:\/\/seriezeta.com\/k\/habladores-y-escuchadores\/"},"wordCount":300,"commentCount":9,"image":{"@id":"https:\/\/seriezeta.com\/k\/habladores-y-escuchadores\/#primaryimage"},"thumbnailUrl":"http:\/\/www.seriezeta.com\/k\/wp-content\/uploads\/2007\/02\/habladores_sileciosos01.jpg","articleSection":["Filos\u00f3fi.K"],"inLanguage":"es","potentialAction":[{"@type":"CommentAction","name":"Comment","target":["https:\/\/seriezeta.com\/k\/habladores-y-escuchadores\/#respond"]}]},{"@type":"WebPage","@id":"https:\/\/seriezeta.com\/k\/habladores-y-escuchadores\/","url":"https:\/\/seriezeta.com\/k\/habladores-y-escuchadores\/","name":"Habladores y escuchadores | Sr.K","isPartOf":{"@id":"https:\/\/seriezeta.com\/k\/#website"},"primaryImageOfPage":{"@id":"https:\/\/seriezeta.com\/k\/habladores-y-escuchadores\/#primaryimage"},"image":{"@id":"https:\/\/seriezeta.com\/k\/habladores-y-escuchadores\/#primaryimage"},"thumbnailUrl":"http:\/\/www.seriezeta.com\/k\/wp-content\/uploads\/2007\/02\/habladores_sileciosos01.jpg","datePublished":"2007-02-01T21:33:44+00:00","dateModified":"2007-03-09T08:22:47+00:00","author":{"@id":"https:\/\/seriezeta.com\/k\/#\/schema\/person\/d1f097e765b92b7107a595f83c662e3a"},"breadcrumb":{"@id":"https:\/\/seriezeta.com\/k\/habladores-y-escuchadores\/#breadcrumb"},"inLanguage":"es","potentialAction":[{"@type":"ReadAction","target":["https:\/\/seriezeta.com\/k\/habladores-y-escuchadores\/"]}]},{"@type":"ImageObject","inLanguage":"es","@id":"https:\/\/seriezeta.com\/k\/habladores-y-escuchadores\/#primaryimage","url":"http:\/\/www.seriezeta.com\/k\/wp-content\/uploads\/2007\/02\/habladores_sileciosos01.jpg","contentUrl":"http:\/\/www.seriezeta.com\/k\/wp-content\/uploads\/2007\/02\/habladores_sileciosos01.jpg"},{"@type":"BreadcrumbList","@id":"https:\/\/seriezeta.com\/k\/habladores-y-escuchadores\/#breadcrumb","itemListElement":[{"@type":"ListItem","position":1,"name":"Portada","item":"https:\/\/seriezeta.com\/k\/"},{"@type":"ListItem","position":2,"name":"Habladores y escuchadores"}]},{"@type":"WebSite","@id":"https:\/\/seriezeta.com\/k\/#website","url":"https:\/\/seriezeta.com\/k\/","name":"Sr.K","description":"Del lado sano de mi cabeza","potentialAction":[{"@type":"SearchAction","target":{"@type":"EntryPoint","urlTemplate":"https:\/\/seriezeta.com\/k\/?s={search_term_string}"},"query-input":{"@type":"PropertyValueSpecification","valueRequired":true,"valueName":"search_term_string"}}],"inLanguage":"es"},{"@type":"Person","@id":"https:\/\/seriezeta.com\/k\/#\/schema\/person\/d1f097e765b92b7107a595f83c662e3a","name":"Sr.K","image":{"@type":"ImageObject","inLanguage":"es","@id":"https:\/\/secure.gravatar.com\/avatar\/f4150216c027d16d7fd4f3ef1ab6d1e8084b025230e575ff77617dae33692535?s=96&d=mm&r=g","url":"https:\/\/secure.gravatar.com\/avatar\/f4150216c027d16d7fd4f3ef1ab6d1e8084b025230e575ff77617dae33692535?s=96&d=mm&r=g","contentUrl":"https:\/\/secure.gravatar.com\/avatar\/f4150216c027d16d7fd4f3ef1ab6d1e8084b025230e575ff77617dae33692535?s=96&d=mm&r=g","caption":"Sr.K"},"description":"Reflexiones, narraciones y elucubraciones diversas acompa\u00f1adas de fotograf\u00eda y m\u00fasica.","sameAs":["http:\/\/www.seriezeta.com\/k\/"]}]}},"_links":{"self":[{"href":"https:\/\/seriezeta.com\/k\/wp-json\/wp\/v2\/posts\/18","targetHints":{"allow":["GET"]}}],"collection":[{"href":"https:\/\/seriezeta.com\/k\/wp-json\/wp\/v2\/posts"}],"about":[{"href":"https:\/\/seriezeta.com\/k\/wp-json\/wp\/v2\/types\/post"}],"author":[{"embeddable":true,"href":"https:\/\/seriezeta.com\/k\/wp-json\/wp\/v2\/users\/1"}],"replies":[{"embeddable":true,"href":"https:\/\/seriezeta.com\/k\/wp-json\/wp\/v2\/comments?post=18"}],"version-history":[{"count":0,"href":"https:\/\/seriezeta.com\/k\/wp-json\/wp\/v2\/posts\/18\/revisions"}],"wp:attachment":[{"href":"https:\/\/seriezeta.com\/k\/wp-json\/wp\/v2\/media?parent=18"}],"wp:term":[{"taxonomy":"category","embeddable":true,"href":"https:\/\/seriezeta.com\/k\/wp-json\/wp\/v2\/categories?post=18"},{"taxonomy":"post_tag","embeddable":true,"href":"https:\/\/seriezeta.com\/k\/wp-json\/wp\/v2\/tags?post=18"}],"curies":[{"name":"wp","href":"https:\/\/api.w.org\/{rel}","templated":true}]}}