{"id":245,"date":"2007-07-09T21:24:34","date_gmt":"2007-07-09T19:24:34","guid":{"rendered":"http:\/\/www.seriezeta.com\/k\/filosofik\/trayecto\/"},"modified":"2017-03-13T12:22:30","modified_gmt":"2017-03-13T10:22:30","slug":"trayecto","status":"publish","type":"post","link":"https:\/\/seriezeta.com\/k\/trayecto\/","title":{"rendered":"Trayecto"},"content":{"rendered":"<p><strong>Miren<\/strong> a su alrededor.\u00e1Cu\u00e1nta gente distinta compartiendo espacio! Para ser tantos hay poco alboroto. Cada cual se pone su propia banda sonora para el trayecto. Dan casi la sensaci\u00f3n de estar recargando sus bater\u00edas a trav\u00e9s de los auriculares, como si de <a target=\"_blank\" title=\"\u00e1\u00e1Atenci\u00f3n!! Apaguen los altavoces\" href=\"http:\/\/personal.telefonica.terra.es\/web\/fotoscarnaval\/c2001\/c01-150-11.html\">Robocops cualquieras<\/a> se tratase.<\/p>\n<p>Mirando alrededor, sin ser descarados, pueden descubrir <strong>espacios \u00edntimos<\/strong>. Aquel se\u00f1or, aquella quincea\u00f1era-pop y aquel <em>pakish<\/em> est\u00e1n disfrutando de la intimidad ensimismada de leer. Leen libros, revistas, peri\u00f3dicos, prospectos o citaciones judiciales. El silencio es <strong>c\u00f3mplice<\/strong> de su intimidad. Eso s\u00ed, silencio de palabras porque el vag\u00f3n est\u00e1 lleno de sonidos mec\u00e1nicos provocados por el desplazamiento.<\/p>\n<p>Todos ellos aguantan estoicos el vaiv\u00e9n del viaje sin levantar la vista del objeto de su lectura. Incluso siguen con su cabeza gacha las l\u00edneas de texto <strong>mientras andan<\/strong> por los pasillos o se incorporan a las escaleras mec\u00e1nicas entre los sonidos de los pasos apresurados y el roce de las ropas de quienes les rodean.<\/p>\n<p><a target=\"_blank\" class=\"imagelink thickbox no_icon\" href=\"http:\/\/www.seriezeta.com\/k\/wp-content\/uploads\/2007\/07\/trayecto02.jpg\" title=\"No vayas hacia la luz, Carol Anne \u00e1No vayas hacia la luz!\"><img decoding=\"async\" id=\"image247\" src=\"http:\/\/www.seriezeta.com\/k\/wp-content\/uploads\/2007\/07\/trayecto01.jpg\" alt=\"No vayas hacia la luz, Carol Anne \u00e1No vayas hacia la luz!\" \/><\/a><\/p>\n<p>Una vez que llegan a ras de suelo, salen al mundo. Lo que ha dado tiempo a leer ha sido un momento de intimidad que ni las prisas han podido evitar. Vuelta a la realidad. Salir del caparaz\u00f3n. Dejar de imaginar y ser uno m\u00e1s de los <em>engranajes humanos<\/em> de la gran ciudad.<\/p>\n<p>El viaje no es un tiempo; es un espacio que algunos no soportan y que otros hacen suyo, <strong>completamente suyo<\/strong>.<\/p>\n<p><em>Lea, no conduzca.<\/em><br \/>\n<font size=\"1\"><em>Es un consejo de <strong>Sr.K<\/strong><\/em><\/font><\/p>\n<p><font size=\"1\">Banda Sonora recomendada:<\/font><\/p>\n<ul>\n<li><font size=\"1\"><strong>&#8230;la que ustedes tengan en sus trayectos&#8230;<\/strong><\/font><\/li>\n<\/ul>\n","protected":false},"excerpt":{"rendered":"<p>Miren a su alrededor.\u00e1Cu\u00e1nta gente distinta compartiendo espacio! Para ser tantos hay poco alboroto. Cada cual se pone su propia banda sonora para el trayecto. Dan casi la sensaci\u00f3n de estar recargando sus bater\u00edas a trav\u00e9s de los auriculares, como si de Robocops cualquieras se tratase. Mirando alrededor, sin ser descarados, pueden descubrir espacios \u00edntimos. &hellip; <\/p>\n<p class=\"link-more\"><a href=\"https:\/\/seriezeta.com\/k\/trayecto\/\" class=\"more-link\">Continuar leyendo<span class=\"screen-reader-text\"> \u00abTrayecto\u00bb<\/span><\/a><\/p>\n","protected":false},"author":1,"featured_media":0,"comment_status":"open","ping_status":"open","sticky":false,"template":"","format":"standard","meta":{"footnotes":""},"categories":[13],"tags":[],"class_list":["post-245","post","type-post","status-publish","format-standard","hentry","category-filosofik"],"yoast_head":"<!-- This site is optimized with the Yoast SEO plugin v27.5 - https:\/\/yoast.com\/product\/yoast-seo-wordpress\/ -->\n<title>Trayecto | Sr.K<\/title>\n<meta name=\"robots\" content=\"index, follow, max-snippet:-1, max-image-preview:large, max-video-preview:-1\" \/>\n<link rel=\"canonical\" href=\"https:\/\/seriezeta.com\/k\/trayecto\/\" \/>\n<meta property=\"og:locale\" content=\"es_ES\" \/>\n<meta property=\"og:type\" content=\"article\" \/>\n<meta property=\"og:title\" content=\"Trayecto | Sr.K\" \/>\n<meta property=\"og:description\" content=\"Miren a su alrededor.\u00e1Cu\u00e1nta gente distinta compartiendo espacio! Para ser tantos hay poco alboroto. Cada cual se pone su propia banda sonora para el trayecto. Dan casi la sensaci\u00f3n de estar recargando sus bater\u00edas a trav\u00e9s de los auriculares, como si de Robocops cualquieras se tratase. Mirando alrededor, sin ser descarados, pueden descubrir espacios \u00edntimos. &hellip; Continuar leyendo &quot;Trayecto&quot;\" \/>\n<meta property=\"og:url\" content=\"https:\/\/seriezeta.com\/k\/trayecto\/\" \/>\n<meta property=\"og:site_name\" content=\"Sr.K\" \/>\n<meta property=\"article:published_time\" content=\"2007-07-09T19:24:34+00:00\" \/>\n<meta property=\"article:modified_time\" content=\"2017-03-13T10:22:30+00:00\" \/>\n<meta property=\"og:image\" content=\"http:\/\/www.seriezeta.com\/k\/wp-content\/uploads\/2007\/07\/trayecto01.jpg\" \/>\n<meta name=\"author\" content=\"Sr.K\" \/>\n<meta name=\"twitter:card\" content=\"summary_large_image\" \/>\n<meta name=\"twitter:label1\" content=\"Escrito por\" \/>\n\t<meta name=\"twitter:data1\" content=\"Sr.K\" \/>\n\t<meta name=\"twitter:label2\" content=\"Tiempo de lectura\" \/>\n\t<meta name=\"twitter:data2\" content=\"1 minuto\" \/>\n<script type=\"application\/ld+json\" class=\"yoast-schema-graph\">{\"@context\":\"https:\\\/\\\/schema.org\",\"@graph\":[{\"@type\":\"Article\",\"@id\":\"https:\\\/\\\/seriezeta.com\\\/k\\\/trayecto\\\/#article\",\"isPartOf\":{\"@id\":\"https:\\\/\\\/seriezeta.com\\\/k\\\/trayecto\\\/\"},\"author\":{\"name\":\"Sr.K\",\"@id\":\"https:\\\/\\\/seriezeta.com\\\/k\\\/#\\\/schema\\\/person\\\/d1f097e765b92b7107a595f83c662e3a\"},\"headline\":\"Trayecto\",\"datePublished\":\"2007-07-09T19:24:34+00:00\",\"dateModified\":\"2017-03-13T10:22:30+00:00\",\"mainEntityOfPage\":{\"@id\":\"https:\\\/\\\/seriezeta.com\\\/k\\\/trayecto\\\/\"},\"wordCount\":268,\"commentCount\":4,\"image\":{\"@id\":\"https:\\\/\\\/seriezeta.com\\\/k\\\/trayecto\\\/#primaryimage\"},\"thumbnailUrl\":\"http:\\\/\\\/www.seriezeta.com\\\/k\\\/wp-content\\\/uploads\\\/2007\\\/07\\\/trayecto01.jpg\",\"articleSection\":[\"Filos\u00f3fi.K\"],\"inLanguage\":\"es\",\"potentialAction\":[{\"@type\":\"CommentAction\",\"name\":\"Comment\",\"target\":[\"https:\\\/\\\/seriezeta.com\\\/k\\\/trayecto\\\/#respond\"]}]},{\"@type\":\"WebPage\",\"@id\":\"https:\\\/\\\/seriezeta.com\\\/k\\\/trayecto\\\/\",\"url\":\"https:\\\/\\\/seriezeta.com\\\/k\\\/trayecto\\\/\",\"name\":\"Trayecto | Sr.K\",\"isPartOf\":{\"@id\":\"https:\\\/\\\/seriezeta.com\\\/k\\\/#website\"},\"primaryImageOfPage\":{\"@id\":\"https:\\\/\\\/seriezeta.com\\\/k\\\/trayecto\\\/#primaryimage\"},\"image\":{\"@id\":\"https:\\\/\\\/seriezeta.com\\\/k\\\/trayecto\\\/#primaryimage\"},\"thumbnailUrl\":\"http:\\\/\\\/www.seriezeta.com\\\/k\\\/wp-content\\\/uploads\\\/2007\\\/07\\\/trayecto01.jpg\",\"datePublished\":\"2007-07-09T19:24:34+00:00\",\"dateModified\":\"2017-03-13T10:22:30+00:00\",\"author\":{\"@id\":\"https:\\\/\\\/seriezeta.com\\\/k\\\/#\\\/schema\\\/person\\\/d1f097e765b92b7107a595f83c662e3a\"},\"breadcrumb\":{\"@id\":\"https:\\\/\\\/seriezeta.com\\\/k\\\/trayecto\\\/#breadcrumb\"},\"inLanguage\":\"es\",\"potentialAction\":[{\"@type\":\"ReadAction\",\"target\":[\"https:\\\/\\\/seriezeta.com\\\/k\\\/trayecto\\\/\"]}]},{\"@type\":\"ImageObject\",\"inLanguage\":\"es\",\"@id\":\"https:\\\/\\\/seriezeta.com\\\/k\\\/trayecto\\\/#primaryimage\",\"url\":\"http:\\\/\\\/www.seriezeta.com\\\/k\\\/wp-content\\\/uploads\\\/2007\\\/07\\\/trayecto01.jpg\",\"contentUrl\":\"http:\\\/\\\/www.seriezeta.com\\\/k\\\/wp-content\\\/uploads\\\/2007\\\/07\\\/trayecto01.jpg\"},{\"@type\":\"BreadcrumbList\",\"@id\":\"https:\\\/\\\/seriezeta.com\\\/k\\\/trayecto\\\/#breadcrumb\",\"itemListElement\":[{\"@type\":\"ListItem\",\"position\":1,\"name\":\"Portada\",\"item\":\"https:\\\/\\\/seriezeta.com\\\/k\\\/\"},{\"@type\":\"ListItem\",\"position\":2,\"name\":\"Trayecto\"}]},{\"@type\":\"WebSite\",\"@id\":\"https:\\\/\\\/seriezeta.com\\\/k\\\/#website\",\"url\":\"https:\\\/\\\/seriezeta.com\\\/k\\\/\",\"name\":\"Sr.K\",\"description\":\"Del lado sano de mi cabeza\",\"potentialAction\":[{\"@type\":\"SearchAction\",\"target\":{\"@type\":\"EntryPoint\",\"urlTemplate\":\"https:\\\/\\\/seriezeta.com\\\/k\\\/?s={search_term_string}\"},\"query-input\":{\"@type\":\"PropertyValueSpecification\",\"valueRequired\":true,\"valueName\":\"search_term_string\"}}],\"inLanguage\":\"es\"},{\"@type\":\"Person\",\"@id\":\"https:\\\/\\\/seriezeta.com\\\/k\\\/#\\\/schema\\\/person\\\/d1f097e765b92b7107a595f83c662e3a\",\"name\":\"Sr.K\",\"image\":{\"@type\":\"ImageObject\",\"inLanguage\":\"es\",\"@id\":\"https:\\\/\\\/secure.gravatar.com\\\/avatar\\\/f4150216c027d16d7fd4f3ef1ab6d1e8084b025230e575ff77617dae33692535?s=96&d=mm&r=g\",\"url\":\"https:\\\/\\\/secure.gravatar.com\\\/avatar\\\/f4150216c027d16d7fd4f3ef1ab6d1e8084b025230e575ff77617dae33692535?s=96&d=mm&r=g\",\"contentUrl\":\"https:\\\/\\\/secure.gravatar.com\\\/avatar\\\/f4150216c027d16d7fd4f3ef1ab6d1e8084b025230e575ff77617dae33692535?s=96&d=mm&r=g\",\"caption\":\"Sr.K\"},\"description\":\"Reflexiones, narraciones y elucubraciones diversas acompa\u00f1adas de fotograf\u00eda y m\u00fasica.\",\"sameAs\":[\"http:\\\/\\\/www.seriezeta.com\\\/k\\\/\"]}]}<\/script>\n<!-- \/ Yoast SEO plugin. -->","yoast_head_json":{"title":"Trayecto | Sr.K","robots":{"index":"index","follow":"follow","max-snippet":"max-snippet:-1","max-image-preview":"max-image-preview:large","max-video-preview":"max-video-preview:-1"},"canonical":"https:\/\/seriezeta.com\/k\/trayecto\/","og_locale":"es_ES","og_type":"article","og_title":"Trayecto | Sr.K","og_description":"Miren a su alrededor.\u00e1Cu\u00e1nta gente distinta compartiendo espacio! Para ser tantos hay poco alboroto. Cada cual se pone su propia banda sonora para el trayecto. Dan casi la sensaci\u00f3n de estar recargando sus bater\u00edas a trav\u00e9s de los auriculares, como si de Robocops cualquieras se tratase. Mirando alrededor, sin ser descarados, pueden descubrir espacios \u00edntimos. &hellip; Continuar leyendo \"Trayecto\"","og_url":"https:\/\/seriezeta.com\/k\/trayecto\/","og_site_name":"Sr.K","article_published_time":"2007-07-09T19:24:34+00:00","article_modified_time":"2017-03-13T10:22:30+00:00","og_image":[{"url":"http:\/\/www.seriezeta.com\/k\/wp-content\/uploads\/2007\/07\/trayecto01.jpg","type":"","width":"","height":""}],"author":"Sr.K","twitter_card":"summary_large_image","twitter_misc":{"Escrito por":"Sr.K","Tiempo de lectura":"1 minuto"},"schema":{"@context":"https:\/\/schema.org","@graph":[{"@type":"Article","@id":"https:\/\/seriezeta.com\/k\/trayecto\/#article","isPartOf":{"@id":"https:\/\/seriezeta.com\/k\/trayecto\/"},"author":{"name":"Sr.K","@id":"https:\/\/seriezeta.com\/k\/#\/schema\/person\/d1f097e765b92b7107a595f83c662e3a"},"headline":"Trayecto","datePublished":"2007-07-09T19:24:34+00:00","dateModified":"2017-03-13T10:22:30+00:00","mainEntityOfPage":{"@id":"https:\/\/seriezeta.com\/k\/trayecto\/"},"wordCount":268,"commentCount":4,"image":{"@id":"https:\/\/seriezeta.com\/k\/trayecto\/#primaryimage"},"thumbnailUrl":"http:\/\/www.seriezeta.com\/k\/wp-content\/uploads\/2007\/07\/trayecto01.jpg","articleSection":["Filos\u00f3fi.K"],"inLanguage":"es","potentialAction":[{"@type":"CommentAction","name":"Comment","target":["https:\/\/seriezeta.com\/k\/trayecto\/#respond"]}]},{"@type":"WebPage","@id":"https:\/\/seriezeta.com\/k\/trayecto\/","url":"https:\/\/seriezeta.com\/k\/trayecto\/","name":"Trayecto | Sr.K","isPartOf":{"@id":"https:\/\/seriezeta.com\/k\/#website"},"primaryImageOfPage":{"@id":"https:\/\/seriezeta.com\/k\/trayecto\/#primaryimage"},"image":{"@id":"https:\/\/seriezeta.com\/k\/trayecto\/#primaryimage"},"thumbnailUrl":"http:\/\/www.seriezeta.com\/k\/wp-content\/uploads\/2007\/07\/trayecto01.jpg","datePublished":"2007-07-09T19:24:34+00:00","dateModified":"2017-03-13T10:22:30+00:00","author":{"@id":"https:\/\/seriezeta.com\/k\/#\/schema\/person\/d1f097e765b92b7107a595f83c662e3a"},"breadcrumb":{"@id":"https:\/\/seriezeta.com\/k\/trayecto\/#breadcrumb"},"inLanguage":"es","potentialAction":[{"@type":"ReadAction","target":["https:\/\/seriezeta.com\/k\/trayecto\/"]}]},{"@type":"ImageObject","inLanguage":"es","@id":"https:\/\/seriezeta.com\/k\/trayecto\/#primaryimage","url":"http:\/\/www.seriezeta.com\/k\/wp-content\/uploads\/2007\/07\/trayecto01.jpg","contentUrl":"http:\/\/www.seriezeta.com\/k\/wp-content\/uploads\/2007\/07\/trayecto01.jpg"},{"@type":"BreadcrumbList","@id":"https:\/\/seriezeta.com\/k\/trayecto\/#breadcrumb","itemListElement":[{"@type":"ListItem","position":1,"name":"Portada","item":"https:\/\/seriezeta.com\/k\/"},{"@type":"ListItem","position":2,"name":"Trayecto"}]},{"@type":"WebSite","@id":"https:\/\/seriezeta.com\/k\/#website","url":"https:\/\/seriezeta.com\/k\/","name":"Sr.K","description":"Del lado sano de mi cabeza","potentialAction":[{"@type":"SearchAction","target":{"@type":"EntryPoint","urlTemplate":"https:\/\/seriezeta.com\/k\/?s={search_term_string}"},"query-input":{"@type":"PropertyValueSpecification","valueRequired":true,"valueName":"search_term_string"}}],"inLanguage":"es"},{"@type":"Person","@id":"https:\/\/seriezeta.com\/k\/#\/schema\/person\/d1f097e765b92b7107a595f83c662e3a","name":"Sr.K","image":{"@type":"ImageObject","inLanguage":"es","@id":"https:\/\/secure.gravatar.com\/avatar\/f4150216c027d16d7fd4f3ef1ab6d1e8084b025230e575ff77617dae33692535?s=96&d=mm&r=g","url":"https:\/\/secure.gravatar.com\/avatar\/f4150216c027d16d7fd4f3ef1ab6d1e8084b025230e575ff77617dae33692535?s=96&d=mm&r=g","contentUrl":"https:\/\/secure.gravatar.com\/avatar\/f4150216c027d16d7fd4f3ef1ab6d1e8084b025230e575ff77617dae33692535?s=96&d=mm&r=g","caption":"Sr.K"},"description":"Reflexiones, narraciones y elucubraciones diversas acompa\u00f1adas de fotograf\u00eda y m\u00fasica.","sameAs":["http:\/\/www.seriezeta.com\/k\/"]}]}},"_links":{"self":[{"href":"https:\/\/seriezeta.com\/k\/wp-json\/wp\/v2\/posts\/245","targetHints":{"allow":["GET"]}}],"collection":[{"href":"https:\/\/seriezeta.com\/k\/wp-json\/wp\/v2\/posts"}],"about":[{"href":"https:\/\/seriezeta.com\/k\/wp-json\/wp\/v2\/types\/post"}],"author":[{"embeddable":true,"href":"https:\/\/seriezeta.com\/k\/wp-json\/wp\/v2\/users\/1"}],"replies":[{"embeddable":true,"href":"https:\/\/seriezeta.com\/k\/wp-json\/wp\/v2\/comments?post=245"}],"version-history":[{"count":1,"href":"https:\/\/seriezeta.com\/k\/wp-json\/wp\/v2\/posts\/245\/revisions"}],"predecessor-version":[{"id":703,"href":"https:\/\/seriezeta.com\/k\/wp-json\/wp\/v2\/posts\/245\/revisions\/703"}],"wp:attachment":[{"href":"https:\/\/seriezeta.com\/k\/wp-json\/wp\/v2\/media?parent=245"}],"wp:term":[{"taxonomy":"category","embeddable":true,"href":"https:\/\/seriezeta.com\/k\/wp-json\/wp\/v2\/categories?post=245"},{"taxonomy":"post_tag","embeddable":true,"href":"https:\/\/seriezeta.com\/k\/wp-json\/wp\/v2\/tags?post=245"}],"curies":[{"name":"wp","href":"https:\/\/api.w.org\/{rel}","templated":true}]}}