{"id":257,"date":"2007-08-08T10:01:21","date_gmt":"2007-08-08T08:01:21","guid":{"rendered":"http:\/\/www.seriezeta.com\/k\/esperpentik\/guirifobo\/"},"modified":"2007-08-08T10:01:21","modified_gmt":"2007-08-08T08:01:21","slug":"guirifobo","status":"publish","type":"post","link":"https:\/\/seriezeta.com\/k\/guirifobo\/","title":{"rendered":"Guir\u00edfobo"},"content":{"rendered":"<p>En estas fechas tan se\u00f1aladas; <em>versos estivales <strong>Sr.K<\/strong><\/em>. Ni refrescan, ni abanican, ni tienen estructura m\u00e9trica decente, pero es que es verano \u00e1qu\u00e9 carajo!<\/p>\n<div align=\"center\"><em>Si guiri marcha, guiri puesto.<br \/>\nSi guiri gasta, lo hacemos nuestro.<br \/>\nS\u00f3lo buscan un disneyg\u00fcorl<br \/>\nde alcohol, pintxos y algo de sol.<\/p>\n<p>\u00e1Qu\u00e9 buena fiesta! \u00e1Qu\u00e9 cachondeo!<br \/>\n\u00e1C\u00f3mo lo pasan estos pendejos!<br \/>\nNo saben que al trasnochar<br \/>\nhay que saber madrugar.<\/p>\n<p>En corrales, como pienso,<br \/>\nes donde quieren estar.<br \/>\nNo formar parte de \u00e9sto<br \/>\nque algunos llaman viajar.<\/p>\n<p>La estulticia me rodea.<br \/>\nBien de allende los mares<br \/>\no de la cercana frontera.<br \/>\nTodos al cabo son<br \/>\nhijos de la misma perra.<\/em>\n<\/div>\n<p><a class=\"imagelink thickbox no_icon\" target=\"_blank\" href=\"http:\/\/www.seriezeta.com\/k\/wp-content\/uploads\/2007\/08\/alfondo02.jpg\" title=\"Al fondo, siempre al fondo\"><img decoding=\"async\" id=\"image256\" src=\"http:\/\/www.seriezeta.com\/k\/wp-content\/uploads\/2007\/08\/alfondo01.jpg\" alt=\"Al fondo, siempre al fondo\" \/><\/a><\/p>\n<p>No lo intenten en su casa. H\u00e1ganlo en su lugar de vacaciones. Destrocen su habitaci\u00f3n de hotel como rutilantes estrellas de rock.<\/p>\n<p><font size=\"1\">Banda Sonora recomendada:<\/font><\/p>\n<ul>\n<li><font size=\"1\"><strong>\u00ab<a target=\"_blank\" href=\"http:\/\/www.seriezeta.com\/k\/recursos\/musique\/THS.nunca_pidas.mp3\" title=\"Pulsa para escuchar\" \/>Nunca pidas una BigMac en el Burger King<\/a>\u00ab<\/strong><br \/>\n<a target=\"_blank\" title=\"Blues acordeonado\" href=\"http:\/\/hernandezysanjurjo.blogspot.com\/\">Transportes Hern\u00e1ndez y Sanjurjo<\/a> &#8211; \u00abPrivilegios de tener una ocupaci\u00f3n in\u00fatil\u00bb (2005).<\/font><br \/>\nhttp:\/\/www.seriezeta.com\/k\/recursos\/musique\/THS.nunca_pidas.mp3 <\/li>\n<\/ul>\n","protected":false},"excerpt":{"rendered":"<p>En estas fechas tan se\u00f1aladas; versos estivales Sr.K. Ni refrescan, ni abanican, ni tienen estructura m\u00e9trica decente, pero es que es verano \u00e1qu\u00e9 carajo! Si guiri marcha, guiri puesto. Si guiri gasta, lo hacemos nuestro. S\u00f3lo buscan un disneyg\u00fcorl de alcohol, pintxos y algo de sol. \u00e1Qu\u00e9 buena fiesta! \u00e1Qu\u00e9 cachondeo! \u00e1C\u00f3mo lo pasan estos &hellip; <\/p>\n<p class=\"link-more\"><a href=\"https:\/\/seriezeta.com\/k\/guirifobo\/\" class=\"more-link\">Continuar leyendo<span class=\"screen-reader-text\"> \u00abGuir\u00edfobo\u00bb<\/span><\/a><\/p>\n","protected":false},"author":1,"featured_media":0,"comment_status":"open","ping_status":"open","sticky":false,"template":"","format":"standard","meta":{"footnotes":""},"categories":[8,10],"tags":[],"class_list":["post-257","post","type-post","status-publish","format-standard","hentry","category-esperpentik","category-literatik"],"yoast_head":"<!-- This site is optimized with the Yoast SEO plugin v27.5 - https:\/\/yoast.com\/product\/yoast-seo-wordpress\/ -->\n<title>Guir\u00edfobo | Sr.K<\/title>\n<meta name=\"robots\" content=\"index, follow, max-snippet:-1, max-image-preview:large, max-video-preview:-1\" \/>\n<link rel=\"canonical\" href=\"https:\/\/seriezeta.com\/k\/guirifobo\/\" \/>\n<meta property=\"og:locale\" content=\"es_ES\" \/>\n<meta property=\"og:type\" content=\"article\" \/>\n<meta property=\"og:title\" content=\"Guir\u00edfobo | Sr.K\" \/>\n<meta property=\"og:description\" content=\"En estas fechas tan se\u00f1aladas; versos estivales Sr.K. Ni refrescan, ni abanican, ni tienen estructura m\u00e9trica decente, pero es que es verano \u00e1qu\u00e9 carajo! Si guiri marcha, guiri puesto. Si guiri gasta, lo hacemos nuestro. S\u00f3lo buscan un disneyg\u00fcorl de alcohol, pintxos y algo de sol. \u00e1Qu\u00e9 buena fiesta! \u00e1Qu\u00e9 cachondeo! \u00e1C\u00f3mo lo pasan estos &hellip; Continuar leyendo &quot;Guir\u00edfobo&quot;\" \/>\n<meta property=\"og:url\" content=\"https:\/\/seriezeta.com\/k\/guirifobo\/\" \/>\n<meta property=\"og:site_name\" content=\"Sr.K\" \/>\n<meta property=\"article:published_time\" content=\"2007-08-08T08:01:21+00:00\" \/>\n<meta property=\"og:image\" content=\"http:\/\/www.seriezeta.com\/k\/wp-content\/uploads\/2007\/08\/alfondo01.jpg\" \/>\n<meta name=\"author\" content=\"Sr.K\" \/>\n<meta name=\"twitter:card\" content=\"summary_large_image\" \/>\n<meta name=\"twitter:label1\" content=\"Escrito por\" \/>\n\t<meta name=\"twitter:data1\" content=\"Sr.K\" \/>\n\t<meta name=\"twitter:label2\" content=\"Tiempo de lectura\" \/>\n\t<meta name=\"twitter:data2\" content=\"1 minuto\" \/>\n<script type=\"application\/ld+json\" class=\"yoast-schema-graph\">{\"@context\":\"https:\\\/\\\/schema.org\",\"@graph\":[{\"@type\":\"Article\",\"@id\":\"https:\\\/\\\/seriezeta.com\\\/k\\\/guirifobo\\\/#article\",\"isPartOf\":{\"@id\":\"https:\\\/\\\/seriezeta.com\\\/k\\\/guirifobo\\\/\"},\"author\":{\"name\":\"Sr.K\",\"@id\":\"https:\\\/\\\/seriezeta.com\\\/k\\\/#\\\/schema\\\/person\\\/d1f097e765b92b7107a595f83c662e3a\"},\"headline\":\"Guir\u00edfobo\",\"datePublished\":\"2007-08-08T08:01:21+00:00\",\"mainEntityOfPage\":{\"@id\":\"https:\\\/\\\/seriezeta.com\\\/k\\\/guirifobo\\\/\"},\"wordCount\":173,\"commentCount\":1,\"image\":{\"@id\":\"https:\\\/\\\/seriezeta.com\\\/k\\\/guirifobo\\\/#primaryimage\"},\"thumbnailUrl\":\"http:\\\/\\\/www.seriezeta.com\\\/k\\\/wp-content\\\/uploads\\\/2007\\\/08\\\/alfondo01.jpg\",\"articleSection\":[\"Esperp\u00e9nti.K\",\"Liter\u00e1ti.K\"],\"inLanguage\":\"es\",\"potentialAction\":[{\"@type\":\"CommentAction\",\"name\":\"Comment\",\"target\":[\"https:\\\/\\\/seriezeta.com\\\/k\\\/guirifobo\\\/#respond\"]}]},{\"@type\":\"WebPage\",\"@id\":\"https:\\\/\\\/seriezeta.com\\\/k\\\/guirifobo\\\/\",\"url\":\"https:\\\/\\\/seriezeta.com\\\/k\\\/guirifobo\\\/\",\"name\":\"Guir\u00edfobo | Sr.K\",\"isPartOf\":{\"@id\":\"https:\\\/\\\/seriezeta.com\\\/k\\\/#website\"},\"primaryImageOfPage\":{\"@id\":\"https:\\\/\\\/seriezeta.com\\\/k\\\/guirifobo\\\/#primaryimage\"},\"image\":{\"@id\":\"https:\\\/\\\/seriezeta.com\\\/k\\\/guirifobo\\\/#primaryimage\"},\"thumbnailUrl\":\"http:\\\/\\\/www.seriezeta.com\\\/k\\\/wp-content\\\/uploads\\\/2007\\\/08\\\/alfondo01.jpg\",\"datePublished\":\"2007-08-08T08:01:21+00:00\",\"author\":{\"@id\":\"https:\\\/\\\/seriezeta.com\\\/k\\\/#\\\/schema\\\/person\\\/d1f097e765b92b7107a595f83c662e3a\"},\"breadcrumb\":{\"@id\":\"https:\\\/\\\/seriezeta.com\\\/k\\\/guirifobo\\\/#breadcrumb\"},\"inLanguage\":\"es\",\"potentialAction\":[{\"@type\":\"ReadAction\",\"target\":[\"https:\\\/\\\/seriezeta.com\\\/k\\\/guirifobo\\\/\"]}]},{\"@type\":\"ImageObject\",\"inLanguage\":\"es\",\"@id\":\"https:\\\/\\\/seriezeta.com\\\/k\\\/guirifobo\\\/#primaryimage\",\"url\":\"http:\\\/\\\/www.seriezeta.com\\\/k\\\/wp-content\\\/uploads\\\/2007\\\/08\\\/alfondo01.jpg\",\"contentUrl\":\"http:\\\/\\\/www.seriezeta.com\\\/k\\\/wp-content\\\/uploads\\\/2007\\\/08\\\/alfondo01.jpg\"},{\"@type\":\"BreadcrumbList\",\"@id\":\"https:\\\/\\\/seriezeta.com\\\/k\\\/guirifobo\\\/#breadcrumb\",\"itemListElement\":[{\"@type\":\"ListItem\",\"position\":1,\"name\":\"Portada\",\"item\":\"https:\\\/\\\/seriezeta.com\\\/k\\\/\"},{\"@type\":\"ListItem\",\"position\":2,\"name\":\"Guir\u00edfobo\"}]},{\"@type\":\"WebSite\",\"@id\":\"https:\\\/\\\/seriezeta.com\\\/k\\\/#website\",\"url\":\"https:\\\/\\\/seriezeta.com\\\/k\\\/\",\"name\":\"Sr.K\",\"description\":\"Del lado sano de mi cabeza\",\"potentialAction\":[{\"@type\":\"SearchAction\",\"target\":{\"@type\":\"EntryPoint\",\"urlTemplate\":\"https:\\\/\\\/seriezeta.com\\\/k\\\/?s={search_term_string}\"},\"query-input\":{\"@type\":\"PropertyValueSpecification\",\"valueRequired\":true,\"valueName\":\"search_term_string\"}}],\"inLanguage\":\"es\"},{\"@type\":\"Person\",\"@id\":\"https:\\\/\\\/seriezeta.com\\\/k\\\/#\\\/schema\\\/person\\\/d1f097e765b92b7107a595f83c662e3a\",\"name\":\"Sr.K\",\"image\":{\"@type\":\"ImageObject\",\"inLanguage\":\"es\",\"@id\":\"https:\\\/\\\/secure.gravatar.com\\\/avatar\\\/f4150216c027d16d7fd4f3ef1ab6d1e8084b025230e575ff77617dae33692535?s=96&d=mm&r=g\",\"url\":\"https:\\\/\\\/secure.gravatar.com\\\/avatar\\\/f4150216c027d16d7fd4f3ef1ab6d1e8084b025230e575ff77617dae33692535?s=96&d=mm&r=g\",\"contentUrl\":\"https:\\\/\\\/secure.gravatar.com\\\/avatar\\\/f4150216c027d16d7fd4f3ef1ab6d1e8084b025230e575ff77617dae33692535?s=96&d=mm&r=g\",\"caption\":\"Sr.K\"},\"description\":\"Reflexiones, narraciones y elucubraciones diversas acompa\u00f1adas de fotograf\u00eda y m\u00fasica.\",\"sameAs\":[\"http:\\\/\\\/www.seriezeta.com\\\/k\\\/\"]}]}<\/script>\n<!-- \/ Yoast SEO plugin. -->","yoast_head_json":{"title":"Guir\u00edfobo | Sr.K","robots":{"index":"index","follow":"follow","max-snippet":"max-snippet:-1","max-image-preview":"max-image-preview:large","max-video-preview":"max-video-preview:-1"},"canonical":"https:\/\/seriezeta.com\/k\/guirifobo\/","og_locale":"es_ES","og_type":"article","og_title":"Guir\u00edfobo | Sr.K","og_description":"En estas fechas tan se\u00f1aladas; versos estivales Sr.K. Ni refrescan, ni abanican, ni tienen estructura m\u00e9trica decente, pero es que es verano \u00e1qu\u00e9 carajo! Si guiri marcha, guiri puesto. Si guiri gasta, lo hacemos nuestro. S\u00f3lo buscan un disneyg\u00fcorl de alcohol, pintxos y algo de sol. \u00e1Qu\u00e9 buena fiesta! \u00e1Qu\u00e9 cachondeo! \u00e1C\u00f3mo lo pasan estos &hellip; Continuar leyendo \"Guir\u00edfobo\"","og_url":"https:\/\/seriezeta.com\/k\/guirifobo\/","og_site_name":"Sr.K","article_published_time":"2007-08-08T08:01:21+00:00","og_image":[{"url":"http:\/\/www.seriezeta.com\/k\/wp-content\/uploads\/2007\/08\/alfondo01.jpg","type":"","width":"","height":""}],"author":"Sr.K","twitter_card":"summary_large_image","twitter_misc":{"Escrito por":"Sr.K","Tiempo de lectura":"1 minuto"},"schema":{"@context":"https:\/\/schema.org","@graph":[{"@type":"Article","@id":"https:\/\/seriezeta.com\/k\/guirifobo\/#article","isPartOf":{"@id":"https:\/\/seriezeta.com\/k\/guirifobo\/"},"author":{"name":"Sr.K","@id":"https:\/\/seriezeta.com\/k\/#\/schema\/person\/d1f097e765b92b7107a595f83c662e3a"},"headline":"Guir\u00edfobo","datePublished":"2007-08-08T08:01:21+00:00","mainEntityOfPage":{"@id":"https:\/\/seriezeta.com\/k\/guirifobo\/"},"wordCount":173,"commentCount":1,"image":{"@id":"https:\/\/seriezeta.com\/k\/guirifobo\/#primaryimage"},"thumbnailUrl":"http:\/\/www.seriezeta.com\/k\/wp-content\/uploads\/2007\/08\/alfondo01.jpg","articleSection":["Esperp\u00e9nti.K","Liter\u00e1ti.K"],"inLanguage":"es","potentialAction":[{"@type":"CommentAction","name":"Comment","target":["https:\/\/seriezeta.com\/k\/guirifobo\/#respond"]}]},{"@type":"WebPage","@id":"https:\/\/seriezeta.com\/k\/guirifobo\/","url":"https:\/\/seriezeta.com\/k\/guirifobo\/","name":"Guir\u00edfobo | Sr.K","isPartOf":{"@id":"https:\/\/seriezeta.com\/k\/#website"},"primaryImageOfPage":{"@id":"https:\/\/seriezeta.com\/k\/guirifobo\/#primaryimage"},"image":{"@id":"https:\/\/seriezeta.com\/k\/guirifobo\/#primaryimage"},"thumbnailUrl":"http:\/\/www.seriezeta.com\/k\/wp-content\/uploads\/2007\/08\/alfondo01.jpg","datePublished":"2007-08-08T08:01:21+00:00","author":{"@id":"https:\/\/seriezeta.com\/k\/#\/schema\/person\/d1f097e765b92b7107a595f83c662e3a"},"breadcrumb":{"@id":"https:\/\/seriezeta.com\/k\/guirifobo\/#breadcrumb"},"inLanguage":"es","potentialAction":[{"@type":"ReadAction","target":["https:\/\/seriezeta.com\/k\/guirifobo\/"]}]},{"@type":"ImageObject","inLanguage":"es","@id":"https:\/\/seriezeta.com\/k\/guirifobo\/#primaryimage","url":"http:\/\/www.seriezeta.com\/k\/wp-content\/uploads\/2007\/08\/alfondo01.jpg","contentUrl":"http:\/\/www.seriezeta.com\/k\/wp-content\/uploads\/2007\/08\/alfondo01.jpg"},{"@type":"BreadcrumbList","@id":"https:\/\/seriezeta.com\/k\/guirifobo\/#breadcrumb","itemListElement":[{"@type":"ListItem","position":1,"name":"Portada","item":"https:\/\/seriezeta.com\/k\/"},{"@type":"ListItem","position":2,"name":"Guir\u00edfobo"}]},{"@type":"WebSite","@id":"https:\/\/seriezeta.com\/k\/#website","url":"https:\/\/seriezeta.com\/k\/","name":"Sr.K","description":"Del lado sano de mi cabeza","potentialAction":[{"@type":"SearchAction","target":{"@type":"EntryPoint","urlTemplate":"https:\/\/seriezeta.com\/k\/?s={search_term_string}"},"query-input":{"@type":"PropertyValueSpecification","valueRequired":true,"valueName":"search_term_string"}}],"inLanguage":"es"},{"@type":"Person","@id":"https:\/\/seriezeta.com\/k\/#\/schema\/person\/d1f097e765b92b7107a595f83c662e3a","name":"Sr.K","image":{"@type":"ImageObject","inLanguage":"es","@id":"https:\/\/secure.gravatar.com\/avatar\/f4150216c027d16d7fd4f3ef1ab6d1e8084b025230e575ff77617dae33692535?s=96&d=mm&r=g","url":"https:\/\/secure.gravatar.com\/avatar\/f4150216c027d16d7fd4f3ef1ab6d1e8084b025230e575ff77617dae33692535?s=96&d=mm&r=g","contentUrl":"https:\/\/secure.gravatar.com\/avatar\/f4150216c027d16d7fd4f3ef1ab6d1e8084b025230e575ff77617dae33692535?s=96&d=mm&r=g","caption":"Sr.K"},"description":"Reflexiones, narraciones y elucubraciones diversas acompa\u00f1adas de fotograf\u00eda y m\u00fasica.","sameAs":["http:\/\/www.seriezeta.com\/k\/"]}]}},"_links":{"self":[{"href":"https:\/\/seriezeta.com\/k\/wp-json\/wp\/v2\/posts\/257","targetHints":{"allow":["GET"]}}],"collection":[{"href":"https:\/\/seriezeta.com\/k\/wp-json\/wp\/v2\/posts"}],"about":[{"href":"https:\/\/seriezeta.com\/k\/wp-json\/wp\/v2\/types\/post"}],"author":[{"embeddable":true,"href":"https:\/\/seriezeta.com\/k\/wp-json\/wp\/v2\/users\/1"}],"replies":[{"embeddable":true,"href":"https:\/\/seriezeta.com\/k\/wp-json\/wp\/v2\/comments?post=257"}],"version-history":[{"count":0,"href":"https:\/\/seriezeta.com\/k\/wp-json\/wp\/v2\/posts\/257\/revisions"}],"wp:attachment":[{"href":"https:\/\/seriezeta.com\/k\/wp-json\/wp\/v2\/media?parent=257"}],"wp:term":[{"taxonomy":"category","embeddable":true,"href":"https:\/\/seriezeta.com\/k\/wp-json\/wp\/v2\/categories?post=257"},{"taxonomy":"post_tag","embeddable":true,"href":"https:\/\/seriezeta.com\/k\/wp-json\/wp\/v2\/tags?post=257"}],"curies":[{"name":"wp","href":"https:\/\/api.w.org\/{rel}","templated":true}]}}