{"id":297,"date":"2007-11-22T16:26:36","date_gmt":"2007-11-22T15:26:36","guid":{"rendered":"http:\/\/www.seriezeta.com\/k\/literatik\/pequerelato-lluvioso\/"},"modified":"2017-03-13T12:24:30","modified_gmt":"2017-03-13T10:24:30","slug":"pequerelato-lluvioso","status":"publish","type":"post","link":"https:\/\/seriezeta.com\/k\/pequerelato-lluvioso\/","title":{"rendered":"PequeRelato lluvioso"},"content":{"rendered":"<p>La directora dice por megafon\u00eda \u00ab<em>\u00e1Llueve!<\/em>\u00bb<\/p>\n<p>Y todos los idiotas del pabell\u00f3n a\u00fallan felices. Hoy les dejar\u00e1n coger el coche.<\/p>\n<p><a class=\"imagelink thickbox no_icon\" target=\"_blank\" href=\"http:\/\/www.seriezeta.com\/k\/wp-content\/uploads\/2007\/11\/capucha02.jpg\" title=\"Ante la lluvia y la estupidez, t\u00e1pense\"><img decoding=\"async\" id=\"image314\" src=\"http:\/\/www.seriezeta.com\/k\/wp-content\/uploads\/2007\/11\/capucha01.jpg\" alt=\"Ante la lluvia y la estupidez, t\u00e1pense\" \/><\/a><\/p>\n<p><font size=\"1\">Banda Sonora recomendada:<\/font><\/p>\n<ul>\n<li><font size=\"1\"><em><strong>S\u00f3lo los est\u00fapidos tienen la conciencia tranquila<\/strong><\/em> x <a title=\"Los de Vigo eternos\" target=\"_blank\" href=\"http:\/\/www.siniestro.com\">Siniestro Total<\/a> \u00abPolicl\u00ednico Miserable\u00bb (1995).<\/font><br \/>\nhttp:\/\/www.seriezeta.com\/k\/recursos\/musique\/ST_policlinico_esupidos.mp3 <\/li>\n<\/ul>\n","protected":false},"excerpt":{"rendered":"<p>La directora dice por megafon\u00eda \u00ab\u00e1Llueve!\u00bb Y todos los idiotas del pabell\u00f3n a\u00fallan felices. Hoy les dejar\u00e1n coger el coche. Banda Sonora recomendada: S\u00f3lo los est\u00fapidos tienen la conciencia tranquila x Siniestro Total \u00abPolicl\u00ednico Miserable\u00bb (1995). http:\/\/www.seriezeta.com\/k\/recursos\/musique\/ST_policlinico_esupidos.mp3<\/p>\n","protected":false},"author":1,"featured_media":0,"comment_status":"open","ping_status":"open","sticky":false,"template":"","format":"standard","meta":{"footnotes":""},"categories":[10],"tags":[],"class_list":["post-297","post","type-post","status-publish","format-standard","hentry","category-literatik"],"yoast_head":"<!-- This site is optimized with the Yoast SEO plugin v27.5 - https:\/\/yoast.com\/product\/yoast-seo-wordpress\/ -->\n<title>PequeRelato lluvioso | Sr.K<\/title>\n<meta name=\"robots\" content=\"index, follow, max-snippet:-1, max-image-preview:large, max-video-preview:-1\" \/>\n<link rel=\"canonical\" href=\"https:\/\/seriezeta.com\/k\/pequerelato-lluvioso\/\" \/>\n<meta property=\"og:locale\" content=\"es_ES\" \/>\n<meta property=\"og:type\" content=\"article\" \/>\n<meta property=\"og:title\" content=\"PequeRelato lluvioso | Sr.K\" \/>\n<meta property=\"og:description\" content=\"La directora dice por megafon\u00eda \u00ab\u00e1Llueve!\u00bb Y todos los idiotas del pabell\u00f3n a\u00fallan felices. Hoy les dejar\u00e1n coger el coche. Banda Sonora recomendada: S\u00f3lo los est\u00fapidos tienen la conciencia tranquila x Siniestro Total \u00abPolicl\u00ednico Miserable\u00bb (1995). http:\/\/www.seriezeta.com\/k\/recursos\/musique\/ST_policlinico_esupidos.mp3\" \/>\n<meta property=\"og:url\" content=\"https:\/\/seriezeta.com\/k\/pequerelato-lluvioso\/\" \/>\n<meta property=\"og:site_name\" content=\"Sr.K\" \/>\n<meta property=\"article:published_time\" content=\"2007-11-22T15:26:36+00:00\" \/>\n<meta property=\"article:modified_time\" content=\"2017-03-13T10:24:30+00:00\" \/>\n<meta property=\"og:image\" content=\"http:\/\/www.seriezeta.com\/k\/wp-content\/uploads\/2007\/11\/capucha01.jpg\" \/>\n<meta name=\"author\" content=\"Sr.K\" \/>\n<meta name=\"twitter:card\" content=\"summary_large_image\" \/>\n<meta name=\"twitter:label1\" content=\"Escrito por\" \/>\n\t<meta name=\"twitter:data1\" content=\"Sr.K\" \/>\n<script type=\"application\/ld+json\" class=\"yoast-schema-graph\">{\"@context\":\"https:\\\/\\\/schema.org\",\"@graph\":[{\"@type\":\"Article\",\"@id\":\"https:\\\/\\\/seriezeta.com\\\/k\\\/pequerelato-lluvioso\\\/#article\",\"isPartOf\":{\"@id\":\"https:\\\/\\\/seriezeta.com\\\/k\\\/pequerelato-lluvioso\\\/\"},\"author\":{\"name\":\"Sr.K\",\"@id\":\"https:\\\/\\\/seriezeta.com\\\/k\\\/#\\\/schema\\\/person\\\/d1f097e765b92b7107a595f83c662e3a\"},\"headline\":\"PequeRelato lluvioso\",\"datePublished\":\"2007-11-22T15:26:36+00:00\",\"dateModified\":\"2017-03-13T10:24:30+00:00\",\"mainEntityOfPage\":{\"@id\":\"https:\\\/\\\/seriezeta.com\\\/k\\\/pequerelato-lluvioso\\\/\"},\"wordCount\":55,\"commentCount\":6,\"image\":{\"@id\":\"https:\\\/\\\/seriezeta.com\\\/k\\\/pequerelato-lluvioso\\\/#primaryimage\"},\"thumbnailUrl\":\"http:\\\/\\\/www.seriezeta.com\\\/k\\\/wp-content\\\/uploads\\\/2007\\\/11\\\/capucha01.jpg\",\"articleSection\":[\"Liter\u00e1ti.K\"],\"inLanguage\":\"es\",\"potentialAction\":[{\"@type\":\"CommentAction\",\"name\":\"Comment\",\"target\":[\"https:\\\/\\\/seriezeta.com\\\/k\\\/pequerelato-lluvioso\\\/#respond\"]}]},{\"@type\":\"WebPage\",\"@id\":\"https:\\\/\\\/seriezeta.com\\\/k\\\/pequerelato-lluvioso\\\/\",\"url\":\"https:\\\/\\\/seriezeta.com\\\/k\\\/pequerelato-lluvioso\\\/\",\"name\":\"PequeRelato lluvioso | Sr.K\",\"isPartOf\":{\"@id\":\"https:\\\/\\\/seriezeta.com\\\/k\\\/#website\"},\"primaryImageOfPage\":{\"@id\":\"https:\\\/\\\/seriezeta.com\\\/k\\\/pequerelato-lluvioso\\\/#primaryimage\"},\"image\":{\"@id\":\"https:\\\/\\\/seriezeta.com\\\/k\\\/pequerelato-lluvioso\\\/#primaryimage\"},\"thumbnailUrl\":\"http:\\\/\\\/www.seriezeta.com\\\/k\\\/wp-content\\\/uploads\\\/2007\\\/11\\\/capucha01.jpg\",\"datePublished\":\"2007-11-22T15:26:36+00:00\",\"dateModified\":\"2017-03-13T10:24:30+00:00\",\"author\":{\"@id\":\"https:\\\/\\\/seriezeta.com\\\/k\\\/#\\\/schema\\\/person\\\/d1f097e765b92b7107a595f83c662e3a\"},\"breadcrumb\":{\"@id\":\"https:\\\/\\\/seriezeta.com\\\/k\\\/pequerelato-lluvioso\\\/#breadcrumb\"},\"inLanguage\":\"es\",\"potentialAction\":[{\"@type\":\"ReadAction\",\"target\":[\"https:\\\/\\\/seriezeta.com\\\/k\\\/pequerelato-lluvioso\\\/\"]}]},{\"@type\":\"ImageObject\",\"inLanguage\":\"es\",\"@id\":\"https:\\\/\\\/seriezeta.com\\\/k\\\/pequerelato-lluvioso\\\/#primaryimage\",\"url\":\"http:\\\/\\\/www.seriezeta.com\\\/k\\\/wp-content\\\/uploads\\\/2007\\\/11\\\/capucha01.jpg\",\"contentUrl\":\"http:\\\/\\\/www.seriezeta.com\\\/k\\\/wp-content\\\/uploads\\\/2007\\\/11\\\/capucha01.jpg\"},{\"@type\":\"BreadcrumbList\",\"@id\":\"https:\\\/\\\/seriezeta.com\\\/k\\\/pequerelato-lluvioso\\\/#breadcrumb\",\"itemListElement\":[{\"@type\":\"ListItem\",\"position\":1,\"name\":\"Portada\",\"item\":\"https:\\\/\\\/seriezeta.com\\\/k\\\/\"},{\"@type\":\"ListItem\",\"position\":2,\"name\":\"PequeRelato lluvioso\"}]},{\"@type\":\"WebSite\",\"@id\":\"https:\\\/\\\/seriezeta.com\\\/k\\\/#website\",\"url\":\"https:\\\/\\\/seriezeta.com\\\/k\\\/\",\"name\":\"Sr.K\",\"description\":\"Del lado sano de mi cabeza\",\"potentialAction\":[{\"@type\":\"SearchAction\",\"target\":{\"@type\":\"EntryPoint\",\"urlTemplate\":\"https:\\\/\\\/seriezeta.com\\\/k\\\/?s={search_term_string}\"},\"query-input\":{\"@type\":\"PropertyValueSpecification\",\"valueRequired\":true,\"valueName\":\"search_term_string\"}}],\"inLanguage\":\"es\"},{\"@type\":\"Person\",\"@id\":\"https:\\\/\\\/seriezeta.com\\\/k\\\/#\\\/schema\\\/person\\\/d1f097e765b92b7107a595f83c662e3a\",\"name\":\"Sr.K\",\"image\":{\"@type\":\"ImageObject\",\"inLanguage\":\"es\",\"@id\":\"https:\\\/\\\/secure.gravatar.com\\\/avatar\\\/f4150216c027d16d7fd4f3ef1ab6d1e8084b025230e575ff77617dae33692535?s=96&d=mm&r=g\",\"url\":\"https:\\\/\\\/secure.gravatar.com\\\/avatar\\\/f4150216c027d16d7fd4f3ef1ab6d1e8084b025230e575ff77617dae33692535?s=96&d=mm&r=g\",\"contentUrl\":\"https:\\\/\\\/secure.gravatar.com\\\/avatar\\\/f4150216c027d16d7fd4f3ef1ab6d1e8084b025230e575ff77617dae33692535?s=96&d=mm&r=g\",\"caption\":\"Sr.K\"},\"description\":\"Reflexiones, narraciones y elucubraciones diversas acompa\u00f1adas de fotograf\u00eda y m\u00fasica.\",\"sameAs\":[\"http:\\\/\\\/www.seriezeta.com\\\/k\\\/\"]}]}<\/script>\n<!-- \/ Yoast SEO plugin. -->","yoast_head_json":{"title":"PequeRelato lluvioso | Sr.K","robots":{"index":"index","follow":"follow","max-snippet":"max-snippet:-1","max-image-preview":"max-image-preview:large","max-video-preview":"max-video-preview:-1"},"canonical":"https:\/\/seriezeta.com\/k\/pequerelato-lluvioso\/","og_locale":"es_ES","og_type":"article","og_title":"PequeRelato lluvioso | Sr.K","og_description":"La directora dice por megafon\u00eda \u00ab\u00e1Llueve!\u00bb Y todos los idiotas del pabell\u00f3n a\u00fallan felices. Hoy les dejar\u00e1n coger el coche. Banda Sonora recomendada: S\u00f3lo los est\u00fapidos tienen la conciencia tranquila x Siniestro Total \u00abPolicl\u00ednico Miserable\u00bb (1995). http:\/\/www.seriezeta.com\/k\/recursos\/musique\/ST_policlinico_esupidos.mp3","og_url":"https:\/\/seriezeta.com\/k\/pequerelato-lluvioso\/","og_site_name":"Sr.K","article_published_time":"2007-11-22T15:26:36+00:00","article_modified_time":"2017-03-13T10:24:30+00:00","og_image":[{"url":"http:\/\/www.seriezeta.com\/k\/wp-content\/uploads\/2007\/11\/capucha01.jpg","type":"","width":"","height":""}],"author":"Sr.K","twitter_card":"summary_large_image","twitter_misc":{"Escrito por":"Sr.K"},"schema":{"@context":"https:\/\/schema.org","@graph":[{"@type":"Article","@id":"https:\/\/seriezeta.com\/k\/pequerelato-lluvioso\/#article","isPartOf":{"@id":"https:\/\/seriezeta.com\/k\/pequerelato-lluvioso\/"},"author":{"name":"Sr.K","@id":"https:\/\/seriezeta.com\/k\/#\/schema\/person\/d1f097e765b92b7107a595f83c662e3a"},"headline":"PequeRelato lluvioso","datePublished":"2007-11-22T15:26:36+00:00","dateModified":"2017-03-13T10:24:30+00:00","mainEntityOfPage":{"@id":"https:\/\/seriezeta.com\/k\/pequerelato-lluvioso\/"},"wordCount":55,"commentCount":6,"image":{"@id":"https:\/\/seriezeta.com\/k\/pequerelato-lluvioso\/#primaryimage"},"thumbnailUrl":"http:\/\/www.seriezeta.com\/k\/wp-content\/uploads\/2007\/11\/capucha01.jpg","articleSection":["Liter\u00e1ti.K"],"inLanguage":"es","potentialAction":[{"@type":"CommentAction","name":"Comment","target":["https:\/\/seriezeta.com\/k\/pequerelato-lluvioso\/#respond"]}]},{"@type":"WebPage","@id":"https:\/\/seriezeta.com\/k\/pequerelato-lluvioso\/","url":"https:\/\/seriezeta.com\/k\/pequerelato-lluvioso\/","name":"PequeRelato lluvioso | Sr.K","isPartOf":{"@id":"https:\/\/seriezeta.com\/k\/#website"},"primaryImageOfPage":{"@id":"https:\/\/seriezeta.com\/k\/pequerelato-lluvioso\/#primaryimage"},"image":{"@id":"https:\/\/seriezeta.com\/k\/pequerelato-lluvioso\/#primaryimage"},"thumbnailUrl":"http:\/\/www.seriezeta.com\/k\/wp-content\/uploads\/2007\/11\/capucha01.jpg","datePublished":"2007-11-22T15:26:36+00:00","dateModified":"2017-03-13T10:24:30+00:00","author":{"@id":"https:\/\/seriezeta.com\/k\/#\/schema\/person\/d1f097e765b92b7107a595f83c662e3a"},"breadcrumb":{"@id":"https:\/\/seriezeta.com\/k\/pequerelato-lluvioso\/#breadcrumb"},"inLanguage":"es","potentialAction":[{"@type":"ReadAction","target":["https:\/\/seriezeta.com\/k\/pequerelato-lluvioso\/"]}]},{"@type":"ImageObject","inLanguage":"es","@id":"https:\/\/seriezeta.com\/k\/pequerelato-lluvioso\/#primaryimage","url":"http:\/\/www.seriezeta.com\/k\/wp-content\/uploads\/2007\/11\/capucha01.jpg","contentUrl":"http:\/\/www.seriezeta.com\/k\/wp-content\/uploads\/2007\/11\/capucha01.jpg"},{"@type":"BreadcrumbList","@id":"https:\/\/seriezeta.com\/k\/pequerelato-lluvioso\/#breadcrumb","itemListElement":[{"@type":"ListItem","position":1,"name":"Portada","item":"https:\/\/seriezeta.com\/k\/"},{"@type":"ListItem","position":2,"name":"PequeRelato lluvioso"}]},{"@type":"WebSite","@id":"https:\/\/seriezeta.com\/k\/#website","url":"https:\/\/seriezeta.com\/k\/","name":"Sr.K","description":"Del lado sano de mi cabeza","potentialAction":[{"@type":"SearchAction","target":{"@type":"EntryPoint","urlTemplate":"https:\/\/seriezeta.com\/k\/?s={search_term_string}"},"query-input":{"@type":"PropertyValueSpecification","valueRequired":true,"valueName":"search_term_string"}}],"inLanguage":"es"},{"@type":"Person","@id":"https:\/\/seriezeta.com\/k\/#\/schema\/person\/d1f097e765b92b7107a595f83c662e3a","name":"Sr.K","image":{"@type":"ImageObject","inLanguage":"es","@id":"https:\/\/secure.gravatar.com\/avatar\/f4150216c027d16d7fd4f3ef1ab6d1e8084b025230e575ff77617dae33692535?s=96&d=mm&r=g","url":"https:\/\/secure.gravatar.com\/avatar\/f4150216c027d16d7fd4f3ef1ab6d1e8084b025230e575ff77617dae33692535?s=96&d=mm&r=g","contentUrl":"https:\/\/secure.gravatar.com\/avatar\/f4150216c027d16d7fd4f3ef1ab6d1e8084b025230e575ff77617dae33692535?s=96&d=mm&r=g","caption":"Sr.K"},"description":"Reflexiones, narraciones y elucubraciones diversas acompa\u00f1adas de fotograf\u00eda y m\u00fasica.","sameAs":["http:\/\/www.seriezeta.com\/k\/"]}]}},"_links":{"self":[{"href":"https:\/\/seriezeta.com\/k\/wp-json\/wp\/v2\/posts\/297","targetHints":{"allow":["GET"]}}],"collection":[{"href":"https:\/\/seriezeta.com\/k\/wp-json\/wp\/v2\/posts"}],"about":[{"href":"https:\/\/seriezeta.com\/k\/wp-json\/wp\/v2\/types\/post"}],"author":[{"embeddable":true,"href":"https:\/\/seriezeta.com\/k\/wp-json\/wp\/v2\/users\/1"}],"replies":[{"embeddable":true,"href":"https:\/\/seriezeta.com\/k\/wp-json\/wp\/v2\/comments?post=297"}],"version-history":[{"count":1,"href":"https:\/\/seriezeta.com\/k\/wp-json\/wp\/v2\/posts\/297\/revisions"}],"predecessor-version":[{"id":731,"href":"https:\/\/seriezeta.com\/k\/wp-json\/wp\/v2\/posts\/297\/revisions\/731"}],"wp:attachment":[{"href":"https:\/\/seriezeta.com\/k\/wp-json\/wp\/v2\/media?parent=297"}],"wp:term":[{"taxonomy":"category","embeddable":true,"href":"https:\/\/seriezeta.com\/k\/wp-json\/wp\/v2\/categories?post=297"},{"taxonomy":"post_tag","embeddable":true,"href":"https:\/\/seriezeta.com\/k\/wp-json\/wp\/v2\/tags?post=297"}],"curies":[{"name":"wp","href":"https:\/\/api.w.org\/{rel}","templated":true}]}}