{"id":444,"date":"2008-09-18T21:41:21","date_gmt":"2008-09-18T19:41:21","guid":{"rendered":"http:\/\/www.seriezeta.com\/k\/videografik\/videotrayectos-vol-v-santiago-310808\/"},"modified":"2008-09-18T22:05:50","modified_gmt":"2008-09-18T20:05:50","slug":"videotrayectos-vol-v-santiago-310808","status":"publish","type":"post","link":"https:\/\/seriezeta.com\/k\/videotrayectos-vol-v-santiago-310808\/","title":{"rendered":"V\u00eddeoTrayectos vol. V: Santiago 31.08.08"},"content":{"rendered":"<p><font size=\"1\">escaleras museo do pobo galego, santiago de compostela &#8211; exvotos &#8211; andando &#8211; igrexia de san domingos &#8211; guiris &#8211; tres chicas mirando el uso de una herramienta en v\u00eddeo &#8211; mordisco de manzana &#8211; caldero &#8211; habitaci\u00f3n y vistas &#8211; azotea del centro de arte contempor\u00e1nea, santiago de compostela &#8211; cuc\u00fa &#8211; hoja que pasa &#8211; espacios blancos &#8211; <strong>antig\u00fcedades: tigre + miss espa\u00f1a 1936<\/strong><\/font><\/p>\n<p>Todos los <strong><em>V\u00eddeoTrayectos<\/em><\/strong> de golpe en la <a title=\"V\u00eddeoTrayectos\" href=\"http:\/\/www.seriezeta.com\/k\/category\/videografik\/videotrayectos\/\">Categor\u00eda V\u00eddeoTrayectos<\/a>.<br \/>\nLo que prentenden ser los <strong><em>V\u00eddeoTrayectos<\/em><\/strong> se puede conocer en <a title=\"V\u00eddeoTrayectos vol. I: Cami\u00f1o Vigo 27.08.08\" href=\"http:\/\/www.seriezeta.com\/k\/videografik\/videotrayectos-vol-i-camino-vigo-270808\/\">su primera publicaci\u00f3n<\/a>.<\/p>\n<p><font size=\"1\">*<strong>Atenci\u00f3n<\/strong>, adictos y adictas a los <em>V\u00eddeoTrayectos<\/em>: El domingo, un <em>V\u00eddeoTrayecto<\/em> desde el fin del mundo civilizado + texto de regalo<\/font><\/p>\n","protected":false},"excerpt":{"rendered":"<p>escaleras museo do pobo galego, santiago de compostela &#8211; exvotos &#8211; andando &#8211; igrexia de san domingos &#8211; guiris &#8211; tres chicas mirando el uso de una herramienta en v\u00eddeo &#8211; mordisco de manzana &#8211; caldero &#8211; habitaci\u00f3n y vistas &#8211; azotea del centro de arte contempor\u00e1nea, santiago de compostela &#8211; cuc\u00fa &#8211; hoja que &hellip; <\/p>\n<p class=\"link-more\"><a href=\"https:\/\/seriezeta.com\/k\/videotrayectos-vol-v-santiago-310808\/\" class=\"more-link\">Continuar leyendo<span class=\"screen-reader-text\"> \u00abV\u00eddeoTrayectos vol. V: Santiago 31.08.08\u00bb<\/span><\/a><\/p>\n","protected":false},"author":1,"featured_media":0,"comment_status":"open","ping_status":"open","sticky":false,"template":"","format":"standard","meta":{"footnotes":""},"categories":[11,17],"tags":[],"class_list":["post-444","post","type-post","status-publish","format-standard","hentry","category-videografik","category-videotrayectos"],"yoast_head":"<!-- This site is optimized with the Yoast SEO plugin v27.5 - https:\/\/yoast.com\/product\/yoast-seo-wordpress\/ -->\n<title>V\u00eddeoTrayectos vol. V: Santiago 31.08.08 | Sr.K<\/title>\n<meta name=\"robots\" content=\"index, follow, max-snippet:-1, max-image-preview:large, max-video-preview:-1\" \/>\n<link rel=\"canonical\" href=\"https:\/\/seriezeta.com\/k\/videotrayectos-vol-v-santiago-310808\/\" \/>\n<meta property=\"og:locale\" content=\"es_ES\" \/>\n<meta property=\"og:type\" content=\"article\" \/>\n<meta property=\"og:title\" content=\"V\u00eddeoTrayectos vol. V: Santiago 31.08.08 | Sr.K\" \/>\n<meta property=\"og:description\" content=\"escaleras museo do pobo galego, santiago de compostela &#8211; exvotos &#8211; andando &#8211; igrexia de san domingos &#8211; guiris &#8211; tres chicas mirando el uso de una herramienta en v\u00eddeo &#8211; mordisco de manzana &#8211; caldero &#8211; habitaci\u00f3n y vistas &#8211; azotea del centro de arte contempor\u00e1nea, santiago de compostela &#8211; cuc\u00fa &#8211; hoja que &hellip; Continuar leyendo &quot;V\u00eddeoTrayectos vol. V: Santiago 31.08.08&quot;\" \/>\n<meta property=\"og:url\" content=\"https:\/\/seriezeta.com\/k\/videotrayectos-vol-v-santiago-310808\/\" \/>\n<meta property=\"og:site_name\" content=\"Sr.K\" \/>\n<meta property=\"article:published_time\" content=\"2008-09-18T19:41:21+00:00\" \/>\n<meta property=\"article:modified_time\" content=\"2008-09-18T20:05:50+00:00\" \/>\n<meta property=\"og:image\" content=\"http:\/\/seriezeta.com\/k\/wp-content\/uploads\/2006\/04\/sr-k-2017.jpeg\" \/>\n<meta name=\"author\" content=\"Sr.K\" \/>\n<meta name=\"twitter:card\" content=\"summary_large_image\" \/>\n<meta name=\"twitter:label1\" content=\"Escrito por\" \/>\n\t<meta name=\"twitter:data1\" content=\"Sr.K\" \/>\n\t<meta name=\"twitter:label2\" content=\"Tiempo de lectura\" \/>\n\t<meta name=\"twitter:data2\" content=\"1 minuto\" \/>\n<script type=\"application\/ld+json\" class=\"yoast-schema-graph\">{\"@context\":\"https:\\\/\\\/schema.org\",\"@graph\":[{\"@type\":\"Article\",\"@id\":\"https:\\\/\\\/seriezeta.com\\\/k\\\/videotrayectos-vol-v-santiago-310808\\\/#article\",\"isPartOf\":{\"@id\":\"https:\\\/\\\/seriezeta.com\\\/k\\\/videotrayectos-vol-v-santiago-310808\\\/\"},\"author\":{\"name\":\"Sr.K\",\"@id\":\"https:\\\/\\\/seriezeta.com\\\/k\\\/#\\\/schema\\\/person\\\/d1f097e765b92b7107a595f83c662e3a\"},\"headline\":\"V\u00eddeoTrayectos vol. V: Santiago 31.08.08\",\"datePublished\":\"2008-09-18T19:41:21+00:00\",\"dateModified\":\"2008-09-18T20:05:50+00:00\",\"mainEntityOfPage\":{\"@id\":\"https:\\\/\\\/seriezeta.com\\\/k\\\/videotrayectos-vol-v-santiago-310808\\\/\"},\"wordCount\":124,\"commentCount\":0,\"articleSection\":[\"Videogr\u00e1fi.k\",\"V\u00eddeoTrayectos\"],\"inLanguage\":\"es\",\"potentialAction\":[{\"@type\":\"CommentAction\",\"name\":\"Comment\",\"target\":[\"https:\\\/\\\/seriezeta.com\\\/k\\\/videotrayectos-vol-v-santiago-310808\\\/#respond\"]}]},{\"@type\":\"WebPage\",\"@id\":\"https:\\\/\\\/seriezeta.com\\\/k\\\/videotrayectos-vol-v-santiago-310808\\\/\",\"url\":\"https:\\\/\\\/seriezeta.com\\\/k\\\/videotrayectos-vol-v-santiago-310808\\\/\",\"name\":\"V\u00eddeoTrayectos vol. V: Santiago 31.08.08 | Sr.K\",\"isPartOf\":{\"@id\":\"https:\\\/\\\/seriezeta.com\\\/k\\\/#website\"},\"datePublished\":\"2008-09-18T19:41:21+00:00\",\"dateModified\":\"2008-09-18T20:05:50+00:00\",\"author\":{\"@id\":\"https:\\\/\\\/seriezeta.com\\\/k\\\/#\\\/schema\\\/person\\\/d1f097e765b92b7107a595f83c662e3a\"},\"breadcrumb\":{\"@id\":\"https:\\\/\\\/seriezeta.com\\\/k\\\/videotrayectos-vol-v-santiago-310808\\\/#breadcrumb\"},\"inLanguage\":\"es\",\"potentialAction\":[{\"@type\":\"ReadAction\",\"target\":[\"https:\\\/\\\/seriezeta.com\\\/k\\\/videotrayectos-vol-v-santiago-310808\\\/\"]}]},{\"@type\":\"BreadcrumbList\",\"@id\":\"https:\\\/\\\/seriezeta.com\\\/k\\\/videotrayectos-vol-v-santiago-310808\\\/#breadcrumb\",\"itemListElement\":[{\"@type\":\"ListItem\",\"position\":1,\"name\":\"Portada\",\"item\":\"https:\\\/\\\/seriezeta.com\\\/k\\\/\"},{\"@type\":\"ListItem\",\"position\":2,\"name\":\"V\u00eddeoTrayectos vol. V: Santiago 31.08.08\"}]},{\"@type\":\"WebSite\",\"@id\":\"https:\\\/\\\/seriezeta.com\\\/k\\\/#website\",\"url\":\"https:\\\/\\\/seriezeta.com\\\/k\\\/\",\"name\":\"Sr.K\",\"description\":\"Del lado sano de mi cabeza\",\"potentialAction\":[{\"@type\":\"SearchAction\",\"target\":{\"@type\":\"EntryPoint\",\"urlTemplate\":\"https:\\\/\\\/seriezeta.com\\\/k\\\/?s={search_term_string}\"},\"query-input\":{\"@type\":\"PropertyValueSpecification\",\"valueRequired\":true,\"valueName\":\"search_term_string\"}}],\"inLanguage\":\"es\"},{\"@type\":\"Person\",\"@id\":\"https:\\\/\\\/seriezeta.com\\\/k\\\/#\\\/schema\\\/person\\\/d1f097e765b92b7107a595f83c662e3a\",\"name\":\"Sr.K\",\"image\":{\"@type\":\"ImageObject\",\"inLanguage\":\"es\",\"@id\":\"https:\\\/\\\/secure.gravatar.com\\\/avatar\\\/f4150216c027d16d7fd4f3ef1ab6d1e8084b025230e575ff77617dae33692535?s=96&d=mm&r=g\",\"url\":\"https:\\\/\\\/secure.gravatar.com\\\/avatar\\\/f4150216c027d16d7fd4f3ef1ab6d1e8084b025230e575ff77617dae33692535?s=96&d=mm&r=g\",\"contentUrl\":\"https:\\\/\\\/secure.gravatar.com\\\/avatar\\\/f4150216c027d16d7fd4f3ef1ab6d1e8084b025230e575ff77617dae33692535?s=96&d=mm&r=g\",\"caption\":\"Sr.K\"},\"description\":\"Reflexiones, narraciones y elucubraciones diversas acompa\u00f1adas de fotograf\u00eda y m\u00fasica.\",\"sameAs\":[\"http:\\\/\\\/www.seriezeta.com\\\/k\\\/\"]}]}<\/script>\n<!-- \/ Yoast SEO plugin. -->","yoast_head_json":{"title":"V\u00eddeoTrayectos vol. V: Santiago 31.08.08 | Sr.K","robots":{"index":"index","follow":"follow","max-snippet":"max-snippet:-1","max-image-preview":"max-image-preview:large","max-video-preview":"max-video-preview:-1"},"canonical":"https:\/\/seriezeta.com\/k\/videotrayectos-vol-v-santiago-310808\/","og_locale":"es_ES","og_type":"article","og_title":"V\u00eddeoTrayectos vol. V: Santiago 31.08.08 | Sr.K","og_description":"escaleras museo do pobo galego, santiago de compostela &#8211; exvotos &#8211; andando &#8211; igrexia de san domingos &#8211; guiris &#8211; tres chicas mirando el uso de una herramienta en v\u00eddeo &#8211; mordisco de manzana &#8211; caldero &#8211; habitaci\u00f3n y vistas &#8211; azotea del centro de arte contempor\u00e1nea, santiago de compostela &#8211; cuc\u00fa &#8211; hoja que &hellip; Continuar leyendo \"V\u00eddeoTrayectos vol. V: Santiago 31.08.08\"","og_url":"https:\/\/seriezeta.com\/k\/videotrayectos-vol-v-santiago-310808\/","og_site_name":"Sr.K","article_published_time":"2008-09-18T19:41:21+00:00","article_modified_time":"2008-09-18T20:05:50+00:00","og_image":[{"url":"http:\/\/seriezeta.com\/k\/wp-content\/uploads\/2006\/04\/sr-k-2017.jpeg","type":"","width":"","height":""}],"author":"Sr.K","twitter_card":"summary_large_image","twitter_misc":{"Escrito por":"Sr.K","Tiempo de lectura":"1 minuto"},"schema":{"@context":"https:\/\/schema.org","@graph":[{"@type":"Article","@id":"https:\/\/seriezeta.com\/k\/videotrayectos-vol-v-santiago-310808\/#article","isPartOf":{"@id":"https:\/\/seriezeta.com\/k\/videotrayectos-vol-v-santiago-310808\/"},"author":{"name":"Sr.K","@id":"https:\/\/seriezeta.com\/k\/#\/schema\/person\/d1f097e765b92b7107a595f83c662e3a"},"headline":"V\u00eddeoTrayectos vol. V: Santiago 31.08.08","datePublished":"2008-09-18T19:41:21+00:00","dateModified":"2008-09-18T20:05:50+00:00","mainEntityOfPage":{"@id":"https:\/\/seriezeta.com\/k\/videotrayectos-vol-v-santiago-310808\/"},"wordCount":124,"commentCount":0,"articleSection":["Videogr\u00e1fi.k","V\u00eddeoTrayectos"],"inLanguage":"es","potentialAction":[{"@type":"CommentAction","name":"Comment","target":["https:\/\/seriezeta.com\/k\/videotrayectos-vol-v-santiago-310808\/#respond"]}]},{"@type":"WebPage","@id":"https:\/\/seriezeta.com\/k\/videotrayectos-vol-v-santiago-310808\/","url":"https:\/\/seriezeta.com\/k\/videotrayectos-vol-v-santiago-310808\/","name":"V\u00eddeoTrayectos vol. V: Santiago 31.08.08 | Sr.K","isPartOf":{"@id":"https:\/\/seriezeta.com\/k\/#website"},"datePublished":"2008-09-18T19:41:21+00:00","dateModified":"2008-09-18T20:05:50+00:00","author":{"@id":"https:\/\/seriezeta.com\/k\/#\/schema\/person\/d1f097e765b92b7107a595f83c662e3a"},"breadcrumb":{"@id":"https:\/\/seriezeta.com\/k\/videotrayectos-vol-v-santiago-310808\/#breadcrumb"},"inLanguage":"es","potentialAction":[{"@type":"ReadAction","target":["https:\/\/seriezeta.com\/k\/videotrayectos-vol-v-santiago-310808\/"]}]},{"@type":"BreadcrumbList","@id":"https:\/\/seriezeta.com\/k\/videotrayectos-vol-v-santiago-310808\/#breadcrumb","itemListElement":[{"@type":"ListItem","position":1,"name":"Portada","item":"https:\/\/seriezeta.com\/k\/"},{"@type":"ListItem","position":2,"name":"V\u00eddeoTrayectos vol. V: Santiago 31.08.08"}]},{"@type":"WebSite","@id":"https:\/\/seriezeta.com\/k\/#website","url":"https:\/\/seriezeta.com\/k\/","name":"Sr.K","description":"Del lado sano de mi cabeza","potentialAction":[{"@type":"SearchAction","target":{"@type":"EntryPoint","urlTemplate":"https:\/\/seriezeta.com\/k\/?s={search_term_string}"},"query-input":{"@type":"PropertyValueSpecification","valueRequired":true,"valueName":"search_term_string"}}],"inLanguage":"es"},{"@type":"Person","@id":"https:\/\/seriezeta.com\/k\/#\/schema\/person\/d1f097e765b92b7107a595f83c662e3a","name":"Sr.K","image":{"@type":"ImageObject","inLanguage":"es","@id":"https:\/\/secure.gravatar.com\/avatar\/f4150216c027d16d7fd4f3ef1ab6d1e8084b025230e575ff77617dae33692535?s=96&d=mm&r=g","url":"https:\/\/secure.gravatar.com\/avatar\/f4150216c027d16d7fd4f3ef1ab6d1e8084b025230e575ff77617dae33692535?s=96&d=mm&r=g","contentUrl":"https:\/\/secure.gravatar.com\/avatar\/f4150216c027d16d7fd4f3ef1ab6d1e8084b025230e575ff77617dae33692535?s=96&d=mm&r=g","caption":"Sr.K"},"description":"Reflexiones, narraciones y elucubraciones diversas acompa\u00f1adas de fotograf\u00eda y m\u00fasica.","sameAs":["http:\/\/www.seriezeta.com\/k\/"]}]}},"_links":{"self":[{"href":"https:\/\/seriezeta.com\/k\/wp-json\/wp\/v2\/posts\/444","targetHints":{"allow":["GET"]}}],"collection":[{"href":"https:\/\/seriezeta.com\/k\/wp-json\/wp\/v2\/posts"}],"about":[{"href":"https:\/\/seriezeta.com\/k\/wp-json\/wp\/v2\/types\/post"}],"author":[{"embeddable":true,"href":"https:\/\/seriezeta.com\/k\/wp-json\/wp\/v2\/users\/1"}],"replies":[{"embeddable":true,"href":"https:\/\/seriezeta.com\/k\/wp-json\/wp\/v2\/comments?post=444"}],"version-history":[{"count":0,"href":"https:\/\/seriezeta.com\/k\/wp-json\/wp\/v2\/posts\/444\/revisions"}],"wp:attachment":[{"href":"https:\/\/seriezeta.com\/k\/wp-json\/wp\/v2\/media?parent=444"}],"wp:term":[{"taxonomy":"category","embeddable":true,"href":"https:\/\/seriezeta.com\/k\/wp-json\/wp\/v2\/categories?post=444"},{"taxonomy":"post_tag","embeddable":true,"href":"https:\/\/seriezeta.com\/k\/wp-json\/wp\/v2\/tags?post=444"}],"curies":[{"name":"wp","href":"https:\/\/api.w.org\/{rel}","templated":true}]}}