{"id":445,"date":"2008-09-21T21:06:54","date_gmt":"2008-09-21T19:06:54","guid":{"rendered":"http:\/\/www.seriezeta.com\/k\/videografik\/videotrayectos-vol-vi-santiago-fisterra-010908\/"},"modified":"2008-09-21T21:21:11","modified_gmt":"2008-09-21T19:21:11","slug":"videotrayectos-vol-vi-fisterra-santiago-010908","status":"publish","type":"post","link":"https:\/\/seriezeta.com\/k\/videotrayectos-vol-vi-fisterra-santiago-010908\/","title":{"rendered":"V\u00eddeoTrayectos vol. VI: Fisterra + Santiago 01.09.08"},"content":{"rendered":"<p><font size=\"1\">viaje en autob\u00fas a fisterra &#8211; paisajes &#8211; fabla b\u00e1rabara &#8211; andando &#8211; caballo &#8211; bici, coche y amazona a caballo &#8211; andando &#8211; cabo fisterra &#8211; el lagarto de fisterra &#8211; piernas &#8211; andando &#8211; fuente &#8211; playa desde el bus &#8211; escaleras mec\u00e1nicas &#8211; italianos jugando al conejo de la suerte italiano na praza do obradoiro &#8211; relax &#8211; calcetines virtuales  <\/font><\/p>\n<p>Todos los <strong><em>V\u00eddeoTrayectos<\/em><\/strong> de golpe en la <a title=\"V\u00eddeoTrayectos\" href=\"http:\/\/www.seriezeta.com\/k\/category\/videografik\/videotrayectos\/\">Categor\u00eda V\u00eddeoTrayectos<\/a>.<br \/>\nLo que prentenden ser los <strong><em>V\u00eddeoTrayectos<\/em><\/strong> se puede conocer en <a title=\"V\u00eddeoTrayectos vol. I: Cami\u00f1o Vigo 27.08.08\" href=\"http:\/\/www.seriezeta.com\/k\/videografik\/videotrayectos-vol-i-camino-vigo-270808\/\">su primera publicaci\u00f3n<\/a>.<\/p>\n<p><strong>*Contenido extra de este <em>V\u00eddeoTrayecto<\/em>:<\/strong><\/p>\n<h1>El Lagarto de Fisterra<\/h1>\n<div class=\"flotadcha\"><embed src=\"http:\/\/blip.tv\/play\/gbx0zs0Bj6BQ\" type=\"application\/x-shockwave-flash\" width=\"320\" height=\"280\" allowscriptaccess=\"always\" allowfullscreen=\"true\"><\/embed><br \/><font size=\"1\"><a href=\"http:\/\/blip.tv\/file\/1281440\" target=\"_blank\">Ver a m\u00e1s calidad<\/a><\/font><\/div>\n<p>Hay un <strong>lagarto gallego<\/strong> en el <a href=\"http:\/\/maps.google.es\/maps?f=q&#038;hl=es&#038;geocode=&#038;q=cabo+fisterra&#038;sll=42.90508,-9.264307&#038;sspn=0.045077,0.102911&#038;ie=UTF8&#038;ll=42.88403,-9.267225&#038;spn=0.011273,0.025728&#038;t=h&#038;z=16&#038;iwloc=addr\" target=\"_blank\" title=\"Finis Terrae a vista de google\">cabo de Fisterra<\/a> que sabe gallego, castellano, ingl\u00e9s, franc\u00e9s y un poco de alem\u00e1n. Vive entre las rocas, justo en la pendiente que va desde el faro al mar. Ese lugar en el que los pregrinos queman sus botas, o lo que tengan m\u00e1s a mano, al terminar <strong>su Camino<\/strong> en este <em>fin de la tierra<\/em>. Precisamente, esto del quemar cosas molesta un poco al Lagarto de Fisterra porque el fuego le acojona mucho, aunque los d\u00edas de invierno echa de menos a alg\u00fan peregrino que otro para que le caldee un poco el ambiente. Y es que en el cabo cuando le pega, le pega <strong>hasta tumbarte<\/strong>.<\/p>\n<p>Le viene muy bien que adem\u00e1s de los peregrinos lleguen turistas que se traen la comida de casa en lugar de irse de restaurante. \u00c9l se hace <strong>a todo<\/strong>: empanada, filetes, yogures, fruta&#8230; La fruta le gusta mucho y las peras le chiflan. Son tan dulces y tan fresquitas&#8230; Mientras no le dejen pl\u00e1sticos \u2013 que le raspan el paladar al entrar y que le dejan andares raros al salir \u2013 como le dec\u00eda su madre, \u00ab<em>es un jabal\u00ed<\/em>\u00bb. Come lo que sea y con quien sea.<\/p>\n<p>Adem\u00e1s, hace <strong>buena compa\u00f1\u00eda<\/strong>. Si le ofreces parte de tu comida, se pondr\u00e1 a tu lado a comer, siempre que no le toques las narices o hagas movimientos extra\u00f1os. Es muy asustadizo desde peque\u00f1o. Cuando acabe, se relamer\u00e1 mientras te mira y te acompa\u00f1ar\u00e1 hasta que te tomes el postre, por si se te ofrece algo m\u00e1s.<\/p>\n<p>Los d\u00edas que hace sol se posa en su piedra favorita y se deja llevar por la inmensidad del mar en Fisterra. Suspira de vez en cuando sinti\u00e9ndose un don nadie ante el gran oc\u00e9ano que le llena la vista y luego piensa que vive en un lugar que no est\u00e1 nada mal. Que \u00ab<em>est\u00e1 de puta madre<\/em>\u00bb, como dice un coleguilla suyo del <a href=\"http:\/\/maps.google.es\/maps?f=q&#038;hl=es&#038;geocode=&#038;q=cabo+de+cee&#038;sll=42.918469,-9.20886&#038;sspn=0.045068,0.102911&#038;ie=UTF8&#038;ll=42.918768,-9.183433&#038;spn=0.011267,0.025728&#038;t=h&#038;z=16&#038;iwloc=addr\" target=\"_blank\" title=\"Cabo de Cee a vista de google\">cabo de Cee<\/a>.<\/p>\n<p>Al anochecer, se siente guapo y <strong>calentorro<\/strong> cuando el inmenso sol rojizo se mezcla con su piel verde fosforito. Vuelve entoces a suspirar porque sabe que cada d\u00eda es de los \u00faltimos europeos en dar las buenas noches al sol.<\/p>\n<p>El faro le alumbra por las noches, aunque tampoco le sirve de mucho tener luz de noche porque en cuanto se pone el sol y refresca le entra una modorra&#8230; Es m\u00e1s, si tuviese ganas y subiese todas las noches al faro, se podr\u00eda dar un <strong>fest\u00edn diario<\/strong> de est\u00fapidas polillas e irritantes mosquitos. Alg\u00fan d\u00eda lo ha pensado, pero \u00e9l est\u00e1 bien abajo, con los turistas, los peregrinos y tal. Quiz\u00e1 alguna nochevieja se d\u00e9 el homenaje y suba.<\/p>\n<p>Tiene sue\u00f1o pesado, pero los d\u00edas de niebla odia a las <strong>malditas trompetas<\/strong> de la sirena del faro. Todo el d\u00eda dando guerra y a un volumen brutal. Si eres lagarto y en lugar de orejas tienes agujeros, el sonido de sirena de niebla se te clava hasta la punta del rabo. Y que no se rompen las jodidas. De 1888 y a\u00fan sirven. En esos d\u00edas se acuerda mucho de su colega del cabo de Cee, que tiene faro, pero <strong>no tiene sirena<\/strong>.<\/p>\n<p>Aunque tampoco lo pasa tan mal. Conoce gente, degusta gastronom\u00eda internacional, no le cuesta trabajo tener la casa arreglada y todo el mundo dice que vive en un lugar <strong>\u00fanico y m\u00e1gico<\/strong>. El Lagarto de Fisterra manda saludos siempre a todos los conocidos de los que van al cabo para que tambi\u00e9n ellos se acerquen a hacerle una visita. As\u00ed que dense por saludados. Palabra de Lagarto.<\/p>\n","protected":false},"excerpt":{"rendered":"<p>viaje en autob\u00fas a fisterra &#8211; paisajes &#8211; fabla b\u00e1rabara &#8211; andando &#8211; caballo &#8211; bici, coche y amazona a caballo &#8211; andando &#8211; cabo fisterra &#8211; el lagarto de fisterra &#8211; piernas &#8211; andando &#8211; fuente &#8211; playa desde el bus &#8211; escaleras mec\u00e1nicas &#8211; italianos jugando al conejo de la suerte italiano na &hellip; <\/p>\n<p class=\"link-more\"><a href=\"https:\/\/seriezeta.com\/k\/videotrayectos-vol-vi-fisterra-santiago-010908\/\" class=\"more-link\">Continuar leyendo<span class=\"screen-reader-text\"> \u00abV\u00eddeoTrayectos vol. VI: Fisterra + Santiago 01.09.08\u00bb<\/span><\/a><\/p>\n","protected":false},"author":1,"featured_media":0,"comment_status":"open","ping_status":"open","sticky":false,"template":"","format":"standard","meta":{"footnotes":""},"categories":[11,17],"tags":[],"class_list":["post-445","post","type-post","status-publish","format-standard","hentry","category-videografik","category-videotrayectos"],"yoast_head":"<!-- This site is optimized with the Yoast SEO plugin v27.5 - https:\/\/yoast.com\/product\/yoast-seo-wordpress\/ -->\n<title>V\u00eddeoTrayectos vol. VI: Fisterra + Santiago 01.09.08 | Sr.K<\/title>\n<meta name=\"robots\" content=\"index, follow, max-snippet:-1, max-image-preview:large, max-video-preview:-1\" \/>\n<link rel=\"canonical\" href=\"https:\/\/seriezeta.com\/k\/videotrayectos-vol-vi-fisterra-santiago-010908\/\" \/>\n<meta property=\"og:locale\" content=\"es_ES\" \/>\n<meta property=\"og:type\" content=\"article\" \/>\n<meta property=\"og:title\" content=\"V\u00eddeoTrayectos vol. VI: Fisterra + Santiago 01.09.08 | Sr.K\" \/>\n<meta property=\"og:description\" content=\"viaje en autob\u00fas a fisterra &#8211; paisajes &#8211; fabla b\u00e1rabara &#8211; andando &#8211; caballo &#8211; bici, coche y amazona a caballo &#8211; andando &#8211; cabo fisterra &#8211; el lagarto de fisterra &#8211; piernas &#8211; andando &#8211; fuente &#8211; playa desde el bus &#8211; escaleras mec\u00e1nicas &#8211; italianos jugando al conejo de la suerte italiano na &hellip; Continuar leyendo &quot;V\u00eddeoTrayectos vol. VI: Fisterra + Santiago 01.09.08&quot;\" \/>\n<meta property=\"og:url\" content=\"https:\/\/seriezeta.com\/k\/videotrayectos-vol-vi-fisterra-santiago-010908\/\" \/>\n<meta property=\"og:site_name\" content=\"Sr.K\" \/>\n<meta property=\"article:published_time\" content=\"2008-09-21T19:06:54+00:00\" \/>\n<meta property=\"article:modified_time\" content=\"2008-09-21T19:21:11+00:00\" \/>\n<meta property=\"og:image\" content=\"http:\/\/seriezeta.com\/k\/wp-content\/uploads\/2006\/04\/sr-k-2017.jpeg\" \/>\n<meta name=\"author\" content=\"Sr.K\" \/>\n<meta name=\"twitter:card\" content=\"summary_large_image\" \/>\n<meta name=\"twitter:label1\" content=\"Escrito por\" \/>\n\t<meta name=\"twitter:data1\" content=\"Sr.K\" \/>\n\t<meta name=\"twitter:label2\" content=\"Tiempo de lectura\" \/>\n\t<meta name=\"twitter:data2\" content=\"4 minutos\" \/>\n<script type=\"application\/ld+json\" class=\"yoast-schema-graph\">{\"@context\":\"https:\\\/\\\/schema.org\",\"@graph\":[{\"@type\":\"Article\",\"@id\":\"https:\\\/\\\/seriezeta.com\\\/k\\\/videotrayectos-vol-vi-fisterra-santiago-010908\\\/#article\",\"isPartOf\":{\"@id\":\"https:\\\/\\\/seriezeta.com\\\/k\\\/videotrayectos-vol-vi-fisterra-santiago-010908\\\/\"},\"author\":{\"name\":\"Sr.K\",\"@id\":\"https:\\\/\\\/seriezeta.com\\\/k\\\/#\\\/schema\\\/person\\\/d1f097e765b92b7107a595f83c662e3a\"},\"headline\":\"V\u00eddeoTrayectos vol. VI: Fisterra + Santiago 01.09.08\",\"datePublished\":\"2008-09-21T19:06:54+00:00\",\"dateModified\":\"2008-09-21T19:21:11+00:00\",\"mainEntityOfPage\":{\"@id\":\"https:\\\/\\\/seriezeta.com\\\/k\\\/videotrayectos-vol-vi-fisterra-santiago-010908\\\/\"},\"wordCount\":740,\"commentCount\":2,\"articleSection\":[\"Videogr\u00e1fi.k\",\"V\u00eddeoTrayectos\"],\"inLanguage\":\"es\",\"potentialAction\":[{\"@type\":\"CommentAction\",\"name\":\"Comment\",\"target\":[\"https:\\\/\\\/seriezeta.com\\\/k\\\/videotrayectos-vol-vi-fisterra-santiago-010908\\\/#respond\"]}]},{\"@type\":\"WebPage\",\"@id\":\"https:\\\/\\\/seriezeta.com\\\/k\\\/videotrayectos-vol-vi-fisterra-santiago-010908\\\/\",\"url\":\"https:\\\/\\\/seriezeta.com\\\/k\\\/videotrayectos-vol-vi-fisterra-santiago-010908\\\/\",\"name\":\"V\u00eddeoTrayectos vol. VI: Fisterra + Santiago 01.09.08 | Sr.K\",\"isPartOf\":{\"@id\":\"https:\\\/\\\/seriezeta.com\\\/k\\\/#website\"},\"datePublished\":\"2008-09-21T19:06:54+00:00\",\"dateModified\":\"2008-09-21T19:21:11+00:00\",\"author\":{\"@id\":\"https:\\\/\\\/seriezeta.com\\\/k\\\/#\\\/schema\\\/person\\\/d1f097e765b92b7107a595f83c662e3a\"},\"breadcrumb\":{\"@id\":\"https:\\\/\\\/seriezeta.com\\\/k\\\/videotrayectos-vol-vi-fisterra-santiago-010908\\\/#breadcrumb\"},\"inLanguage\":\"es\",\"potentialAction\":[{\"@type\":\"ReadAction\",\"target\":[\"https:\\\/\\\/seriezeta.com\\\/k\\\/videotrayectos-vol-vi-fisterra-santiago-010908\\\/\"]}]},{\"@type\":\"BreadcrumbList\",\"@id\":\"https:\\\/\\\/seriezeta.com\\\/k\\\/videotrayectos-vol-vi-fisterra-santiago-010908\\\/#breadcrumb\",\"itemListElement\":[{\"@type\":\"ListItem\",\"position\":1,\"name\":\"Portada\",\"item\":\"https:\\\/\\\/seriezeta.com\\\/k\\\/\"},{\"@type\":\"ListItem\",\"position\":2,\"name\":\"V\u00eddeoTrayectos vol. VI: Fisterra + Santiago 01.09.08\"}]},{\"@type\":\"WebSite\",\"@id\":\"https:\\\/\\\/seriezeta.com\\\/k\\\/#website\",\"url\":\"https:\\\/\\\/seriezeta.com\\\/k\\\/\",\"name\":\"Sr.K\",\"description\":\"Del lado sano de mi cabeza\",\"potentialAction\":[{\"@type\":\"SearchAction\",\"target\":{\"@type\":\"EntryPoint\",\"urlTemplate\":\"https:\\\/\\\/seriezeta.com\\\/k\\\/?s={search_term_string}\"},\"query-input\":{\"@type\":\"PropertyValueSpecification\",\"valueRequired\":true,\"valueName\":\"search_term_string\"}}],\"inLanguage\":\"es\"},{\"@type\":\"Person\",\"@id\":\"https:\\\/\\\/seriezeta.com\\\/k\\\/#\\\/schema\\\/person\\\/d1f097e765b92b7107a595f83c662e3a\",\"name\":\"Sr.K\",\"image\":{\"@type\":\"ImageObject\",\"inLanguage\":\"es\",\"@id\":\"https:\\\/\\\/secure.gravatar.com\\\/avatar\\\/f4150216c027d16d7fd4f3ef1ab6d1e8084b025230e575ff77617dae33692535?s=96&d=mm&r=g\",\"url\":\"https:\\\/\\\/secure.gravatar.com\\\/avatar\\\/f4150216c027d16d7fd4f3ef1ab6d1e8084b025230e575ff77617dae33692535?s=96&d=mm&r=g\",\"contentUrl\":\"https:\\\/\\\/secure.gravatar.com\\\/avatar\\\/f4150216c027d16d7fd4f3ef1ab6d1e8084b025230e575ff77617dae33692535?s=96&d=mm&r=g\",\"caption\":\"Sr.K\"},\"description\":\"Reflexiones, narraciones y elucubraciones diversas acompa\u00f1adas de fotograf\u00eda y m\u00fasica.\",\"sameAs\":[\"http:\\\/\\\/www.seriezeta.com\\\/k\\\/\"]}]}<\/script>\n<!-- \/ Yoast SEO plugin. -->","yoast_head_json":{"title":"V\u00eddeoTrayectos vol. VI: Fisterra + Santiago 01.09.08 | Sr.K","robots":{"index":"index","follow":"follow","max-snippet":"max-snippet:-1","max-image-preview":"max-image-preview:large","max-video-preview":"max-video-preview:-1"},"canonical":"https:\/\/seriezeta.com\/k\/videotrayectos-vol-vi-fisterra-santiago-010908\/","og_locale":"es_ES","og_type":"article","og_title":"V\u00eddeoTrayectos vol. VI: Fisterra + Santiago 01.09.08 | Sr.K","og_description":"viaje en autob\u00fas a fisterra &#8211; paisajes &#8211; fabla b\u00e1rabara &#8211; andando &#8211; caballo &#8211; bici, coche y amazona a caballo &#8211; andando &#8211; cabo fisterra &#8211; el lagarto de fisterra &#8211; piernas &#8211; andando &#8211; fuente &#8211; playa desde el bus &#8211; escaleras mec\u00e1nicas &#8211; italianos jugando al conejo de la suerte italiano na &hellip; Continuar leyendo \"V\u00eddeoTrayectos vol. VI: Fisterra + Santiago 01.09.08\"","og_url":"https:\/\/seriezeta.com\/k\/videotrayectos-vol-vi-fisterra-santiago-010908\/","og_site_name":"Sr.K","article_published_time":"2008-09-21T19:06:54+00:00","article_modified_time":"2008-09-21T19:21:11+00:00","og_image":[{"url":"http:\/\/seriezeta.com\/k\/wp-content\/uploads\/2006\/04\/sr-k-2017.jpeg","type":"","width":"","height":""}],"author":"Sr.K","twitter_card":"summary_large_image","twitter_misc":{"Escrito por":"Sr.K","Tiempo de lectura":"4 minutos"},"schema":{"@context":"https:\/\/schema.org","@graph":[{"@type":"Article","@id":"https:\/\/seriezeta.com\/k\/videotrayectos-vol-vi-fisterra-santiago-010908\/#article","isPartOf":{"@id":"https:\/\/seriezeta.com\/k\/videotrayectos-vol-vi-fisterra-santiago-010908\/"},"author":{"name":"Sr.K","@id":"https:\/\/seriezeta.com\/k\/#\/schema\/person\/d1f097e765b92b7107a595f83c662e3a"},"headline":"V\u00eddeoTrayectos vol. VI: Fisterra + Santiago 01.09.08","datePublished":"2008-09-21T19:06:54+00:00","dateModified":"2008-09-21T19:21:11+00:00","mainEntityOfPage":{"@id":"https:\/\/seriezeta.com\/k\/videotrayectos-vol-vi-fisterra-santiago-010908\/"},"wordCount":740,"commentCount":2,"articleSection":["Videogr\u00e1fi.k","V\u00eddeoTrayectos"],"inLanguage":"es","potentialAction":[{"@type":"CommentAction","name":"Comment","target":["https:\/\/seriezeta.com\/k\/videotrayectos-vol-vi-fisterra-santiago-010908\/#respond"]}]},{"@type":"WebPage","@id":"https:\/\/seriezeta.com\/k\/videotrayectos-vol-vi-fisterra-santiago-010908\/","url":"https:\/\/seriezeta.com\/k\/videotrayectos-vol-vi-fisterra-santiago-010908\/","name":"V\u00eddeoTrayectos vol. VI: Fisterra + Santiago 01.09.08 | Sr.K","isPartOf":{"@id":"https:\/\/seriezeta.com\/k\/#website"},"datePublished":"2008-09-21T19:06:54+00:00","dateModified":"2008-09-21T19:21:11+00:00","author":{"@id":"https:\/\/seriezeta.com\/k\/#\/schema\/person\/d1f097e765b92b7107a595f83c662e3a"},"breadcrumb":{"@id":"https:\/\/seriezeta.com\/k\/videotrayectos-vol-vi-fisterra-santiago-010908\/#breadcrumb"},"inLanguage":"es","potentialAction":[{"@type":"ReadAction","target":["https:\/\/seriezeta.com\/k\/videotrayectos-vol-vi-fisterra-santiago-010908\/"]}]},{"@type":"BreadcrumbList","@id":"https:\/\/seriezeta.com\/k\/videotrayectos-vol-vi-fisterra-santiago-010908\/#breadcrumb","itemListElement":[{"@type":"ListItem","position":1,"name":"Portada","item":"https:\/\/seriezeta.com\/k\/"},{"@type":"ListItem","position":2,"name":"V\u00eddeoTrayectos vol. VI: Fisterra + Santiago 01.09.08"}]},{"@type":"WebSite","@id":"https:\/\/seriezeta.com\/k\/#website","url":"https:\/\/seriezeta.com\/k\/","name":"Sr.K","description":"Del lado sano de mi cabeza","potentialAction":[{"@type":"SearchAction","target":{"@type":"EntryPoint","urlTemplate":"https:\/\/seriezeta.com\/k\/?s={search_term_string}"},"query-input":{"@type":"PropertyValueSpecification","valueRequired":true,"valueName":"search_term_string"}}],"inLanguage":"es"},{"@type":"Person","@id":"https:\/\/seriezeta.com\/k\/#\/schema\/person\/d1f097e765b92b7107a595f83c662e3a","name":"Sr.K","image":{"@type":"ImageObject","inLanguage":"es","@id":"https:\/\/secure.gravatar.com\/avatar\/f4150216c027d16d7fd4f3ef1ab6d1e8084b025230e575ff77617dae33692535?s=96&d=mm&r=g","url":"https:\/\/secure.gravatar.com\/avatar\/f4150216c027d16d7fd4f3ef1ab6d1e8084b025230e575ff77617dae33692535?s=96&d=mm&r=g","contentUrl":"https:\/\/secure.gravatar.com\/avatar\/f4150216c027d16d7fd4f3ef1ab6d1e8084b025230e575ff77617dae33692535?s=96&d=mm&r=g","caption":"Sr.K"},"description":"Reflexiones, narraciones y elucubraciones diversas acompa\u00f1adas de fotograf\u00eda y m\u00fasica.","sameAs":["http:\/\/www.seriezeta.com\/k\/"]}]}},"_links":{"self":[{"href":"https:\/\/seriezeta.com\/k\/wp-json\/wp\/v2\/posts\/445","targetHints":{"allow":["GET"]}}],"collection":[{"href":"https:\/\/seriezeta.com\/k\/wp-json\/wp\/v2\/posts"}],"about":[{"href":"https:\/\/seriezeta.com\/k\/wp-json\/wp\/v2\/types\/post"}],"author":[{"embeddable":true,"href":"https:\/\/seriezeta.com\/k\/wp-json\/wp\/v2\/users\/1"}],"replies":[{"embeddable":true,"href":"https:\/\/seriezeta.com\/k\/wp-json\/wp\/v2\/comments?post=445"}],"version-history":[{"count":0,"href":"https:\/\/seriezeta.com\/k\/wp-json\/wp\/v2\/posts\/445\/revisions"}],"wp:attachment":[{"href":"https:\/\/seriezeta.com\/k\/wp-json\/wp\/v2\/media?parent=445"}],"wp:term":[{"taxonomy":"category","embeddable":true,"href":"https:\/\/seriezeta.com\/k\/wp-json\/wp\/v2\/categories?post=445"},{"taxonomy":"post_tag","embeddable":true,"href":"https:\/\/seriezeta.com\/k\/wp-json\/wp\/v2\/tags?post=445"}],"curies":[{"name":"wp","href":"https:\/\/api.w.org\/{rel}","templated":true}]}}