{"id":446,"date":"2008-09-23T22:02:53","date_gmt":"2008-09-23T20:02:53","guid":{"rendered":"http:\/\/www.seriezeta.com\/k\/videografik\/videotrayectos-vol-vii-santiago-en-dos-partes-020908\/"},"modified":"2008-09-24T09:13:07","modified_gmt":"2008-09-24T07:13:07","slug":"videotrayectos-vol-vii-santiago-en-dos-partes-020908","status":"publish","type":"post","link":"https:\/\/seriezeta.com\/k\/videotrayectos-vol-vii-santiago-en-dos-partes-020908\/","title":{"rendered":"V\u00eddeoTrayectos vol. VII: Santiago (en dos partes) 02.09.08"},"content":{"rendered":"<p>Por cuestiones t\u00e9cnicas \u2013 y por cuestiones est\u00e9tico-conceptuales, aunque no lo parezca \u2013 este <strong><em>V\u00eddeoTrayecto<\/em><\/strong> est\u00e1 dividido en dos partes. Disfruten de la proyecci\u00f3n.<\/p>\n<div class=\"hVlog\" style=\"text-align: center;\"> <a href=\"http:\/\/blip.tv\/file\/get\/Cainsan-VdeoTrayectosVolVIISantiagoParte1020908251.flv\" type=\"video\/x-flv\" onClick=\"vPIPPlay(this,'width=512,height=384,flv=true', 'FLVbuffer=10', ''); return false;\" class=\"hvlogtarget\"><img decoding=\"async\" src=\"http:\/\/e.static.blip.tv\/Cainsan-VdeoTrayectosVolVIISantiagoParte1020908924.jpg\" alt=\"V\u00eddeoTrayectos vol. VII: Cami\u00f1o Vigo 27.08.08\"><\/a><\/p>\n<ul class=\"vpip-formatslist\" style=\"margin: 0pt; padding: 0pt; display: inline;\">\n<li class=\"vpip-formatslistitem\" style=\"margin: 0pt; padding: 0pt; background: transparent none repeat scroll 0% 0%; display: inline; -moz-background-clip: -moz-initial; -moz-background-origin: -moz-initial; -moz-background-inline-policy: -moz-initial;\"><a href=\"http:\/\/blip.tv\/file\/get\/Cainsan-VdeoTrayectosVolVIISantiagoParte1020908251.flv\" type=\"video\/x-flv\" onClick=\"vPIPPlay(this,'width=512,height=384,flv=true', 'FLVbuffer=10', ''); return false;\" class=\"vpip-vs-mediatitle\">Flash<\/a><\/li>\n<li class=\"vpip-formatslistitem\" style=\"margin: 0pt; padding: 0pt; background: transparent none repeat scroll 0% 0%; display: inline; -moz-background-clip: -moz-initial; -moz-background-origin: -moz-initial; -moz-background-inline-policy: -moz-initial;\"> | <a href=\"http:\/\/blip.tv\/file\/get\/Cainsan-VdeoTrayectosVolVIISantiagoParte1020908251.MP4\" type=\"video\/quicktime\" onClick=\"vPIPPlay(this,'width=512,height=384', '', ''); return false;\" class=\"vpip-vs-mediatitle\">QuickTime<\/a><\/li>\n<\/ul>\n<\/div>\n<p><font size=\"1\">gentes &#8211; 1 no-santo &#8211; tuna compostelana &#8211; misa de peregrinos de las 12 con monja y curas &#8211; gaiteriro en pr\u00e1cticas &#8211; <strong>give me 5, man!<\/strong> &#8211; r.i.p.s &#8211; o blanco tren &#8211; (triste) propina en el suelo &#8211; balaustrada con praza do obradoiro al fondo<\/font><\/p>\n<div class=\"hVlog\" style=\"text-align: center;\"> <a href=\"http:\/\/blip.tv\/file\/get\/Cainsan-VdeoTrayectosVolVIISantiagoParte2020908413.flv\" type=\"video\/x-flv\" onClick=\"vPIPPlay(this,'width=512,height=384,flv=true', 'FLVbuffer=10', ''); return false;\" class=\"hvlogtarget\"><img decoding=\"async\" src=\"http:\/\/e.static.blip.tv\/Cainsan-VdeoTrayectosVolVIISantiagoParte2020908587.jpg\" alt=\"V\u00eddeoTrayectos vol. VII: Cami\u00f1o Vigo 27.08.08\"><\/a><\/p>\n<ul class=\"vpip-formatslist\" style=\"margin: 0pt; padding: 0pt; display: inline;\">\n<li class=\"vpip-formatslistitem\" style=\"margin: 0pt; padding: 0pt; background: transparent none repeat scroll 0% 0%; display: inline; -moz-background-clip: -moz-initial; -moz-background-origin: -moz-initial; -moz-background-inline-policy: -moz-initial;\"><a href=\"http:\/\/blip.tv\/file\/get\/Cainsan-VdeoTrayectosVolVIISantiagoParte2020908413.flv\" type=\"video\/x-flv\" onClick=\"vPIPPlay(this,'width=512,height=384,flv=true', 'FLVbuffer=10', ''); return false;\" class=\"vpip-vs-mediatitle\">Flash<\/a><\/li>\n<li class=\"vpip-formatslistitem\" style=\"margin: 0pt; padding: 0pt; background: transparent none repeat scroll 0% 0%; display: inline; -moz-background-clip: -moz-initial; -moz-background-origin: -moz-initial; -moz-background-inline-policy: -moz-initial;\"> | <a href=\"http:\/\/blip.tv\/file\/get\/Cainsan-VdeoTrayectosVolVIISantiagoParte2020908413.MP4\" type=\"video\/quicktime\" onClick=\"vPIPPlay(this,'width=512,height=384', '', ''); return false;\" class=\"vpip-vs-mediatitle\">QuickTime<\/a><\/li>\n<\/ul>\n<\/div>\n<p><font size=\"1\">gentes &#8211; calles &#8211; nombres curiosos &#8211; gaiteriro de los buenos &#8211; <strong>eh, colega \u00bfy mi cerveza?<\/strong> &#8211; gentes &#8211; perrico &#8211; m\u00e1s gentes &#8211; culebra de hierba<\/font><\/p>\n<p>Todos los <strong><em>V\u00eddeoTrayectos<\/em><\/strong> de golpe en la <a title=\"V\u00eddeoTrayectos\" href=\"http:\/\/www.seriezeta.com\/k\/category\/videografik\/videotrayectos\/\">Categor\u00eda V\u00eddeoTrayectos<\/a>.<br \/>\nLo que prentenden ser los <strong><em>V\u00eddeoTrayectos<\/em><\/strong> se puede conocer en <a title=\"V\u00eddeoTrayectos vol. I: Cami\u00f1o Vigo 27.08.08\" href=\"http:\/\/www.seriezeta.com\/k\/videografik\/videotrayectos-vol-i-camino-vigo-270808\/\">su primera publicaci\u00f3n<\/a>.<\/p>\n","protected":false},"excerpt":{"rendered":"<p>Por cuestiones t\u00e9cnicas \u2013 y por cuestiones est\u00e9tico-conceptuales, aunque no lo parezca \u2013 este V\u00eddeoTrayecto est\u00e1 dividido en dos partes. Disfruten de la proyecci\u00f3n. Flash | QuickTime gentes &#8211; 1 no-santo &#8211; tuna compostelana &#8211; misa de peregrinos de las 12 con monja y curas &#8211; gaiteriro en pr\u00e1cticas &#8211; give me 5, man! &#8211; &hellip; <\/p>\n<p class=\"link-more\"><a href=\"https:\/\/seriezeta.com\/k\/videotrayectos-vol-vii-santiago-en-dos-partes-020908\/\" class=\"more-link\">Continuar leyendo<span class=\"screen-reader-text\"> \u00abV\u00eddeoTrayectos vol. VII: Santiago (en dos partes) 02.09.08\u00bb<\/span><\/a><\/p>\n","protected":false},"author":1,"featured_media":0,"comment_status":"open","ping_status":"open","sticky":false,"template":"","format":"standard","meta":{"footnotes":""},"categories":[11,17],"tags":[],"class_list":["post-446","post","type-post","status-publish","format-standard","hentry","category-videografik","category-videotrayectos"],"yoast_head":"<!-- This site is optimized with the Yoast SEO plugin v27.5 - https:\/\/yoast.com\/product\/yoast-seo-wordpress\/ -->\n<title>V\u00eddeoTrayectos vol. VII: Santiago (en dos partes) 02.09.08 | Sr.K<\/title>\n<meta name=\"robots\" content=\"index, follow, max-snippet:-1, max-image-preview:large, max-video-preview:-1\" \/>\n<link rel=\"canonical\" href=\"https:\/\/seriezeta.com\/k\/videotrayectos-vol-vii-santiago-en-dos-partes-020908\/\" \/>\n<meta property=\"og:locale\" content=\"es_ES\" \/>\n<meta property=\"og:type\" content=\"article\" \/>\n<meta property=\"og:title\" content=\"V\u00eddeoTrayectos vol. VII: Santiago (en dos partes) 02.09.08 | Sr.K\" \/>\n<meta property=\"og:description\" content=\"Por cuestiones t\u00e9cnicas \u2013 y por cuestiones est\u00e9tico-conceptuales, aunque no lo parezca \u2013 este V\u00eddeoTrayecto est\u00e1 dividido en dos partes. Disfruten de la proyecci\u00f3n. Flash | QuickTime gentes &#8211; 1 no-santo &#8211; tuna compostelana &#8211; misa de peregrinos de las 12 con monja y curas &#8211; gaiteriro en pr\u00e1cticas &#8211; give me 5, man! &#8211; &hellip; Continuar leyendo &quot;V\u00eddeoTrayectos vol. VII: Santiago (en dos partes) 02.09.08&quot;\" \/>\n<meta property=\"og:url\" content=\"https:\/\/seriezeta.com\/k\/videotrayectos-vol-vii-santiago-en-dos-partes-020908\/\" \/>\n<meta property=\"og:site_name\" content=\"Sr.K\" \/>\n<meta property=\"article:published_time\" content=\"2008-09-23T20:02:53+00:00\" \/>\n<meta property=\"article:modified_time\" content=\"2008-09-24T07:13:07+00:00\" \/>\n<meta property=\"og:image\" content=\"http:\/\/e.static.blip.tv\/Cainsan-VdeoTrayectosVolVIISantiagoParte1020908924.jpg\" \/>\n<meta name=\"author\" content=\"Sr.K\" \/>\n<meta name=\"twitter:card\" content=\"summary_large_image\" \/>\n<meta name=\"twitter:label1\" content=\"Escrito por\" \/>\n\t<meta name=\"twitter:data1\" content=\"Sr.K\" \/>\n\t<meta name=\"twitter:label2\" content=\"Tiempo de lectura\" \/>\n\t<meta name=\"twitter:data2\" content=\"1 minuto\" \/>\n<script type=\"application\/ld+json\" class=\"yoast-schema-graph\">{\"@context\":\"https:\\\/\\\/schema.org\",\"@graph\":[{\"@type\":\"Article\",\"@id\":\"https:\\\/\\\/seriezeta.com\\\/k\\\/videotrayectos-vol-vii-santiago-en-dos-partes-020908\\\/#article\",\"isPartOf\":{\"@id\":\"https:\\\/\\\/seriezeta.com\\\/k\\\/videotrayectos-vol-vii-santiago-en-dos-partes-020908\\\/\"},\"author\":{\"name\":\"Sr.K\",\"@id\":\"https:\\\/\\\/seriezeta.com\\\/k\\\/#\\\/schema\\\/person\\\/d1f097e765b92b7107a595f83c662e3a\"},\"headline\":\"V\u00eddeoTrayectos vol. VII: Santiago (en dos partes) 02.09.08\",\"datePublished\":\"2008-09-23T20:02:53+00:00\",\"dateModified\":\"2008-09-24T07:13:07+00:00\",\"mainEntityOfPage\":{\"@id\":\"https:\\\/\\\/seriezeta.com\\\/k\\\/videotrayectos-vol-vii-santiago-en-dos-partes-020908\\\/\"},\"wordCount\":142,\"commentCount\":0,\"image\":{\"@id\":\"https:\\\/\\\/seriezeta.com\\\/k\\\/videotrayectos-vol-vii-santiago-en-dos-partes-020908\\\/#primaryimage\"},\"thumbnailUrl\":\"http:\\\/\\\/e.static.blip.tv\\\/Cainsan-VdeoTrayectosVolVIISantiagoParte1020908924.jpg\",\"articleSection\":[\"Videogr\u00e1fi.k\",\"V\u00eddeoTrayectos\"],\"inLanguage\":\"es\",\"potentialAction\":[{\"@type\":\"CommentAction\",\"name\":\"Comment\",\"target\":[\"https:\\\/\\\/seriezeta.com\\\/k\\\/videotrayectos-vol-vii-santiago-en-dos-partes-020908\\\/#respond\"]}]},{\"@type\":\"WebPage\",\"@id\":\"https:\\\/\\\/seriezeta.com\\\/k\\\/videotrayectos-vol-vii-santiago-en-dos-partes-020908\\\/\",\"url\":\"https:\\\/\\\/seriezeta.com\\\/k\\\/videotrayectos-vol-vii-santiago-en-dos-partes-020908\\\/\",\"name\":\"V\u00eddeoTrayectos vol. VII: Santiago (en dos partes) 02.09.08 | Sr.K\",\"isPartOf\":{\"@id\":\"https:\\\/\\\/seriezeta.com\\\/k\\\/#website\"},\"primaryImageOfPage\":{\"@id\":\"https:\\\/\\\/seriezeta.com\\\/k\\\/videotrayectos-vol-vii-santiago-en-dos-partes-020908\\\/#primaryimage\"},\"image\":{\"@id\":\"https:\\\/\\\/seriezeta.com\\\/k\\\/videotrayectos-vol-vii-santiago-en-dos-partes-020908\\\/#primaryimage\"},\"thumbnailUrl\":\"http:\\\/\\\/e.static.blip.tv\\\/Cainsan-VdeoTrayectosVolVIISantiagoParte1020908924.jpg\",\"datePublished\":\"2008-09-23T20:02:53+00:00\",\"dateModified\":\"2008-09-24T07:13:07+00:00\",\"author\":{\"@id\":\"https:\\\/\\\/seriezeta.com\\\/k\\\/#\\\/schema\\\/person\\\/d1f097e765b92b7107a595f83c662e3a\"},\"breadcrumb\":{\"@id\":\"https:\\\/\\\/seriezeta.com\\\/k\\\/videotrayectos-vol-vii-santiago-en-dos-partes-020908\\\/#breadcrumb\"},\"inLanguage\":\"es\",\"potentialAction\":[{\"@type\":\"ReadAction\",\"target\":[\"https:\\\/\\\/seriezeta.com\\\/k\\\/videotrayectos-vol-vii-santiago-en-dos-partes-020908\\\/\"]}]},{\"@type\":\"ImageObject\",\"inLanguage\":\"es\",\"@id\":\"https:\\\/\\\/seriezeta.com\\\/k\\\/videotrayectos-vol-vii-santiago-en-dos-partes-020908\\\/#primaryimage\",\"url\":\"http:\\\/\\\/e.static.blip.tv\\\/Cainsan-VdeoTrayectosVolVIISantiagoParte1020908924.jpg\",\"contentUrl\":\"http:\\\/\\\/e.static.blip.tv\\\/Cainsan-VdeoTrayectosVolVIISantiagoParte1020908924.jpg\"},{\"@type\":\"BreadcrumbList\",\"@id\":\"https:\\\/\\\/seriezeta.com\\\/k\\\/videotrayectos-vol-vii-santiago-en-dos-partes-020908\\\/#breadcrumb\",\"itemListElement\":[{\"@type\":\"ListItem\",\"position\":1,\"name\":\"Portada\",\"item\":\"https:\\\/\\\/seriezeta.com\\\/k\\\/\"},{\"@type\":\"ListItem\",\"position\":2,\"name\":\"V\u00eddeoTrayectos vol. VII: Santiago (en dos partes) 02.09.08\"}]},{\"@type\":\"WebSite\",\"@id\":\"https:\\\/\\\/seriezeta.com\\\/k\\\/#website\",\"url\":\"https:\\\/\\\/seriezeta.com\\\/k\\\/\",\"name\":\"Sr.K\",\"description\":\"Del lado sano de mi cabeza\",\"potentialAction\":[{\"@type\":\"SearchAction\",\"target\":{\"@type\":\"EntryPoint\",\"urlTemplate\":\"https:\\\/\\\/seriezeta.com\\\/k\\\/?s={search_term_string}\"},\"query-input\":{\"@type\":\"PropertyValueSpecification\",\"valueRequired\":true,\"valueName\":\"search_term_string\"}}],\"inLanguage\":\"es\"},{\"@type\":\"Person\",\"@id\":\"https:\\\/\\\/seriezeta.com\\\/k\\\/#\\\/schema\\\/person\\\/d1f097e765b92b7107a595f83c662e3a\",\"name\":\"Sr.K\",\"image\":{\"@type\":\"ImageObject\",\"inLanguage\":\"es\",\"@id\":\"https:\\\/\\\/secure.gravatar.com\\\/avatar\\\/f4150216c027d16d7fd4f3ef1ab6d1e8084b025230e575ff77617dae33692535?s=96&d=mm&r=g\",\"url\":\"https:\\\/\\\/secure.gravatar.com\\\/avatar\\\/f4150216c027d16d7fd4f3ef1ab6d1e8084b025230e575ff77617dae33692535?s=96&d=mm&r=g\",\"contentUrl\":\"https:\\\/\\\/secure.gravatar.com\\\/avatar\\\/f4150216c027d16d7fd4f3ef1ab6d1e8084b025230e575ff77617dae33692535?s=96&d=mm&r=g\",\"caption\":\"Sr.K\"},\"description\":\"Reflexiones, narraciones y elucubraciones diversas acompa\u00f1adas de fotograf\u00eda y m\u00fasica.\",\"sameAs\":[\"http:\\\/\\\/www.seriezeta.com\\\/k\\\/\"]}]}<\/script>\n<!-- \/ Yoast SEO plugin. -->","yoast_head_json":{"title":"V\u00eddeoTrayectos vol. VII: Santiago (en dos partes) 02.09.08 | Sr.K","robots":{"index":"index","follow":"follow","max-snippet":"max-snippet:-1","max-image-preview":"max-image-preview:large","max-video-preview":"max-video-preview:-1"},"canonical":"https:\/\/seriezeta.com\/k\/videotrayectos-vol-vii-santiago-en-dos-partes-020908\/","og_locale":"es_ES","og_type":"article","og_title":"V\u00eddeoTrayectos vol. VII: Santiago (en dos partes) 02.09.08 | Sr.K","og_description":"Por cuestiones t\u00e9cnicas \u2013 y por cuestiones est\u00e9tico-conceptuales, aunque no lo parezca \u2013 este V\u00eddeoTrayecto est\u00e1 dividido en dos partes. Disfruten de la proyecci\u00f3n. Flash | QuickTime gentes &#8211; 1 no-santo &#8211; tuna compostelana &#8211; misa de peregrinos de las 12 con monja y curas &#8211; gaiteriro en pr\u00e1cticas &#8211; give me 5, man! &#8211; &hellip; Continuar leyendo \"V\u00eddeoTrayectos vol. VII: Santiago (en dos partes) 02.09.08\"","og_url":"https:\/\/seriezeta.com\/k\/videotrayectos-vol-vii-santiago-en-dos-partes-020908\/","og_site_name":"Sr.K","article_published_time":"2008-09-23T20:02:53+00:00","article_modified_time":"2008-09-24T07:13:07+00:00","og_image":[{"url":"http:\/\/e.static.blip.tv\/Cainsan-VdeoTrayectosVolVIISantiagoParte1020908924.jpg","type":"","width":"","height":""}],"author":"Sr.K","twitter_card":"summary_large_image","twitter_misc":{"Escrito por":"Sr.K","Tiempo de lectura":"1 minuto"},"schema":{"@context":"https:\/\/schema.org","@graph":[{"@type":"Article","@id":"https:\/\/seriezeta.com\/k\/videotrayectos-vol-vii-santiago-en-dos-partes-020908\/#article","isPartOf":{"@id":"https:\/\/seriezeta.com\/k\/videotrayectos-vol-vii-santiago-en-dos-partes-020908\/"},"author":{"name":"Sr.K","@id":"https:\/\/seriezeta.com\/k\/#\/schema\/person\/d1f097e765b92b7107a595f83c662e3a"},"headline":"V\u00eddeoTrayectos vol. VII: Santiago (en dos partes) 02.09.08","datePublished":"2008-09-23T20:02:53+00:00","dateModified":"2008-09-24T07:13:07+00:00","mainEntityOfPage":{"@id":"https:\/\/seriezeta.com\/k\/videotrayectos-vol-vii-santiago-en-dos-partes-020908\/"},"wordCount":142,"commentCount":0,"image":{"@id":"https:\/\/seriezeta.com\/k\/videotrayectos-vol-vii-santiago-en-dos-partes-020908\/#primaryimage"},"thumbnailUrl":"http:\/\/e.static.blip.tv\/Cainsan-VdeoTrayectosVolVIISantiagoParte1020908924.jpg","articleSection":["Videogr\u00e1fi.k","V\u00eddeoTrayectos"],"inLanguage":"es","potentialAction":[{"@type":"CommentAction","name":"Comment","target":["https:\/\/seriezeta.com\/k\/videotrayectos-vol-vii-santiago-en-dos-partes-020908\/#respond"]}]},{"@type":"WebPage","@id":"https:\/\/seriezeta.com\/k\/videotrayectos-vol-vii-santiago-en-dos-partes-020908\/","url":"https:\/\/seriezeta.com\/k\/videotrayectos-vol-vii-santiago-en-dos-partes-020908\/","name":"V\u00eddeoTrayectos vol. VII: Santiago (en dos partes) 02.09.08 | Sr.K","isPartOf":{"@id":"https:\/\/seriezeta.com\/k\/#website"},"primaryImageOfPage":{"@id":"https:\/\/seriezeta.com\/k\/videotrayectos-vol-vii-santiago-en-dos-partes-020908\/#primaryimage"},"image":{"@id":"https:\/\/seriezeta.com\/k\/videotrayectos-vol-vii-santiago-en-dos-partes-020908\/#primaryimage"},"thumbnailUrl":"http:\/\/e.static.blip.tv\/Cainsan-VdeoTrayectosVolVIISantiagoParte1020908924.jpg","datePublished":"2008-09-23T20:02:53+00:00","dateModified":"2008-09-24T07:13:07+00:00","author":{"@id":"https:\/\/seriezeta.com\/k\/#\/schema\/person\/d1f097e765b92b7107a595f83c662e3a"},"breadcrumb":{"@id":"https:\/\/seriezeta.com\/k\/videotrayectos-vol-vii-santiago-en-dos-partes-020908\/#breadcrumb"},"inLanguage":"es","potentialAction":[{"@type":"ReadAction","target":["https:\/\/seriezeta.com\/k\/videotrayectos-vol-vii-santiago-en-dos-partes-020908\/"]}]},{"@type":"ImageObject","inLanguage":"es","@id":"https:\/\/seriezeta.com\/k\/videotrayectos-vol-vii-santiago-en-dos-partes-020908\/#primaryimage","url":"http:\/\/e.static.blip.tv\/Cainsan-VdeoTrayectosVolVIISantiagoParte1020908924.jpg","contentUrl":"http:\/\/e.static.blip.tv\/Cainsan-VdeoTrayectosVolVIISantiagoParte1020908924.jpg"},{"@type":"BreadcrumbList","@id":"https:\/\/seriezeta.com\/k\/videotrayectos-vol-vii-santiago-en-dos-partes-020908\/#breadcrumb","itemListElement":[{"@type":"ListItem","position":1,"name":"Portada","item":"https:\/\/seriezeta.com\/k\/"},{"@type":"ListItem","position":2,"name":"V\u00eddeoTrayectos vol. VII: Santiago (en dos partes) 02.09.08"}]},{"@type":"WebSite","@id":"https:\/\/seriezeta.com\/k\/#website","url":"https:\/\/seriezeta.com\/k\/","name":"Sr.K","description":"Del lado sano de mi cabeza","potentialAction":[{"@type":"SearchAction","target":{"@type":"EntryPoint","urlTemplate":"https:\/\/seriezeta.com\/k\/?s={search_term_string}"},"query-input":{"@type":"PropertyValueSpecification","valueRequired":true,"valueName":"search_term_string"}}],"inLanguage":"es"},{"@type":"Person","@id":"https:\/\/seriezeta.com\/k\/#\/schema\/person\/d1f097e765b92b7107a595f83c662e3a","name":"Sr.K","image":{"@type":"ImageObject","inLanguage":"es","@id":"https:\/\/secure.gravatar.com\/avatar\/f4150216c027d16d7fd4f3ef1ab6d1e8084b025230e575ff77617dae33692535?s=96&d=mm&r=g","url":"https:\/\/secure.gravatar.com\/avatar\/f4150216c027d16d7fd4f3ef1ab6d1e8084b025230e575ff77617dae33692535?s=96&d=mm&r=g","contentUrl":"https:\/\/secure.gravatar.com\/avatar\/f4150216c027d16d7fd4f3ef1ab6d1e8084b025230e575ff77617dae33692535?s=96&d=mm&r=g","caption":"Sr.K"},"description":"Reflexiones, narraciones y elucubraciones diversas acompa\u00f1adas de fotograf\u00eda y m\u00fasica.","sameAs":["http:\/\/www.seriezeta.com\/k\/"]}]}},"_links":{"self":[{"href":"https:\/\/seriezeta.com\/k\/wp-json\/wp\/v2\/posts\/446","targetHints":{"allow":["GET"]}}],"collection":[{"href":"https:\/\/seriezeta.com\/k\/wp-json\/wp\/v2\/posts"}],"about":[{"href":"https:\/\/seriezeta.com\/k\/wp-json\/wp\/v2\/types\/post"}],"author":[{"embeddable":true,"href":"https:\/\/seriezeta.com\/k\/wp-json\/wp\/v2\/users\/1"}],"replies":[{"embeddable":true,"href":"https:\/\/seriezeta.com\/k\/wp-json\/wp\/v2\/comments?post=446"}],"version-history":[{"count":0,"href":"https:\/\/seriezeta.com\/k\/wp-json\/wp\/v2\/posts\/446\/revisions"}],"wp:attachment":[{"href":"https:\/\/seriezeta.com\/k\/wp-json\/wp\/v2\/media?parent=446"}],"wp:term":[{"taxonomy":"category","embeddable":true,"href":"https:\/\/seriezeta.com\/k\/wp-json\/wp\/v2\/categories?post=446"},{"taxonomy":"post_tag","embeddable":true,"href":"https:\/\/seriezeta.com\/k\/wp-json\/wp\/v2\/tags?post=446"}],"curies":[{"name":"wp","href":"https:\/\/api.w.org\/{rel}","templated":true}]}}