{"id":471,"date":"2008-11-16T22:41:59","date_gmt":"2008-11-16T20:41:59","guid":{"rendered":"http:\/\/www.seriezeta.com\/k\/videografik\/videotrayectos-vol-xii-una-etapa-en-el-camino-131108\/"},"modified":"2008-11-16T22:45:16","modified_gmt":"2008-11-16T20:45:16","slug":"videotrayectos-vol-xii-una-etapa-en-el-camino-131108","status":"publish","type":"post","link":"https:\/\/seriezeta.com\/k\/videotrayectos-vol-xii-una-etapa-en-el-camino-131108\/","title":{"rendered":"V\u00eddeoTrayectos vol. XII: Una etapa en El Camino 13.11.08"},"content":{"rendered":"<p><font size=\"1\">sellando credenciales (san juan de ortega) &#8211; partida &#8211; botas &#8211; caminando &#8211; paso canadiense &#8211; caminando &#8211; caf\u00e9 con leche (atapuerca) &#8211; caminando &#8211; espiral de piedras &#8211; caminando &#8211; caf\u00e9 y refrescos &#8211; buscando bares (carde\u00f1uela de r\u00edo pico) &#8211; caminando &#8211; johansen (carpintero alem\u00e1n) &#8211; bocata (casta\u00f1ares) &#8211; caminando &#8211; hablando en ingl\u00e9s sobre un puente azul &#8211; mochilas &#8211; la quinta (burgos) &#8211; cantos alemanes &#8211; el cid &#8211; albergue (burgos) &#8211; vuelta a casa &#8211; habitaci\u00f3n sin vistas<\/font><\/p>\n<p>Todos los <strong><em>V\u00eddeoTrayectos<\/em><\/strong> de golpe en la <a title=\"V\u00eddeoTrayectos\" href=\"http:\/\/www.seriezeta.com\/k\/category\/videografik\/videotrayectos\/\">Categor\u00eda V\u00eddeoTrayectos<\/a>.<br \/>\nLo que prentenden ser los <strong><em>V\u00eddeoTrayectos<\/em><\/strong> se puede conocer en <a title=\"V\u00eddeoTrayectos vol. I: Cami\u00f1o Vigo 27.08.08\" href=\"http:\/\/www.seriezeta.com\/k\/videografik\/videotrayectos-vol-i-camino-vigo-270808\/\">su primera publicaci\u00f3n<\/a>.<\/p>\n<p><strong>*Contenido extra de este <em>V\u00eddeoTrayecto<\/em>:<\/strong><\/p>\n<h1>80 cent\u00edmetros<\/h1>\n<p>S\u00f3lo hacen falta dos d\u00edas de caminata en <a target=\"_blank\" title=\"Col\u00e1ndose como peregrino\" href=\"http:\/\/caminodesantiago.consumer.es\/etapa-de-san-juan-de-ortega-a-burgos\">un extra\u00f1o viaje de vuelta hacia el hogar<\/a> y que no llueva demasiado para descubrir que en Alemania algunos aspirantes a ser <strong>maestros carpinteros<\/strong> cumplen tres a\u00f1os de formaci\u00f3n acad\u00e9mica y luego se pasan otros tres fuera de sus respectivos hogares trabajando, como quien dice, por comida y cama.<\/p>\n<p>Johansen es uno de estos <em>Wandergesellen auf der Walz<\/em> \u2013 un \u00ab<a target=\"_blank\" title=\"Periodo de peregrinaje para ser maestro carpintero en Alemania\" href=\"http:\/\/www.acupari.com\/walz_es.html\">caminante del Walz<\/a>\u00bb \u2013 al que s\u00f3lo resta medio a\u00f1o para poder volver a su casa. La gente suele preguntarle con estupefacci\u00f3n si no es demasiado tiempo fuera de casa. Johansen suele coger su bast\u00f3n labrado con formas que giran sobre s\u00ed mismas como si de una llama de madera sin pulir se tratase y marca con sus dos manos una distancia en el bast\u00f3n. \u00ab<em>Esto son 80 cent\u00edmetros, \u00bfOk?<\/em>\u00bb Tras recibir la expectante confirmaci\u00f3n de su interlocutor reduce la distancia que marca con sus manos sobre el bast\u00f3n \u00ab<em>Y esto son 3. Como ves, no es <strong>nada<\/strong> comparado con 80. Ahora piensa que los cent\u00edmetros son a\u00f1os y que los 80 cent\u00edmetros son los a\u00f1os que vas a vivir. Teniendo en cuenta que lo que aprender\u00e9 en estos 3 a\u00f1os de viaje me servir\u00e1 para <strong>toda<\/strong> la vida, \u00bfte sigue pareciendo mucho tiempo?<\/em>\u00bb Johansen sonr\u00ede. Qu\u00e9 cabr\u00f3n. Y no tiene ni 30 a\u00f1os.<\/p>\n","protected":false},"excerpt":{"rendered":"<p>sellando credenciales (san juan de ortega) &#8211; partida &#8211; botas &#8211; caminando &#8211; paso canadiense &#8211; caminando &#8211; caf\u00e9 con leche (atapuerca) &#8211; caminando &#8211; espiral de piedras &#8211; caminando &#8211; caf\u00e9 y refrescos &#8211; buscando bares (carde\u00f1uela de r\u00edo pico) &#8211; caminando &#8211; johansen (carpintero alem\u00e1n) &#8211; bocata (casta\u00f1ares) &#8211; caminando &#8211; hablando en &hellip; <\/p>\n<p class=\"link-more\"><a href=\"https:\/\/seriezeta.com\/k\/videotrayectos-vol-xii-una-etapa-en-el-camino-131108\/\" class=\"more-link\">Continuar leyendo<span class=\"screen-reader-text\"> \u00abV\u00eddeoTrayectos vol. XII: Una etapa en El Camino 13.11.08\u00bb<\/span><\/a><\/p>\n","protected":false},"author":1,"featured_media":0,"comment_status":"open","ping_status":"open","sticky":false,"template":"","format":"standard","meta":{"footnotes":""},"categories":[11,17],"tags":[],"class_list":["post-471","post","type-post","status-publish","format-standard","hentry","category-videografik","category-videotrayectos"],"yoast_head":"<!-- This site is optimized with the Yoast SEO plugin v27.5 - https:\/\/yoast.com\/product\/yoast-seo-wordpress\/ -->\n<title>V\u00eddeoTrayectos vol. XII: Una etapa en El Camino 13.11.08 | Sr.K<\/title>\n<meta name=\"robots\" content=\"index, follow, max-snippet:-1, max-image-preview:large, max-video-preview:-1\" \/>\n<link rel=\"canonical\" href=\"https:\/\/seriezeta.com\/k\/videotrayectos-vol-xii-una-etapa-en-el-camino-131108\/\" \/>\n<meta property=\"og:locale\" content=\"es_ES\" \/>\n<meta property=\"og:type\" content=\"article\" \/>\n<meta property=\"og:title\" content=\"V\u00eddeoTrayectos vol. XII: Una etapa en El Camino 13.11.08 | Sr.K\" \/>\n<meta property=\"og:description\" content=\"sellando credenciales (san juan de ortega) &#8211; partida &#8211; botas &#8211; caminando &#8211; paso canadiense &#8211; caminando &#8211; caf\u00e9 con leche (atapuerca) &#8211; caminando &#8211; espiral de piedras &#8211; caminando &#8211; caf\u00e9 y refrescos &#8211; buscando bares (carde\u00f1uela de r\u00edo pico) &#8211; caminando &#8211; johansen (carpintero alem\u00e1n) &#8211; bocata (casta\u00f1ares) &#8211; caminando &#8211; hablando en &hellip; Continuar leyendo &quot;V\u00eddeoTrayectos vol. XII: Una etapa en El Camino 13.11.08&quot;\" \/>\n<meta property=\"og:url\" content=\"https:\/\/seriezeta.com\/k\/videotrayectos-vol-xii-una-etapa-en-el-camino-131108\/\" \/>\n<meta property=\"og:site_name\" content=\"Sr.K\" \/>\n<meta property=\"article:published_time\" content=\"2008-11-16T20:41:59+00:00\" \/>\n<meta property=\"article:modified_time\" content=\"2008-11-16T20:45:16+00:00\" \/>\n<meta property=\"og:image\" content=\"http:\/\/seriezeta.com\/k\/wp-content\/uploads\/2006\/04\/sr-k-2017.jpeg\" \/>\n<meta name=\"author\" content=\"Sr.K\" \/>\n<meta name=\"twitter:card\" content=\"summary_large_image\" \/>\n<meta name=\"twitter:label1\" content=\"Escrito por\" \/>\n\t<meta name=\"twitter:data1\" content=\"Sr.K\" \/>\n\t<meta name=\"twitter:label2\" content=\"Tiempo de lectura\" \/>\n\t<meta name=\"twitter:data2\" content=\"2 minutos\" \/>\n<script type=\"application\/ld+json\" class=\"yoast-schema-graph\">{\"@context\":\"https:\\\/\\\/schema.org\",\"@graph\":[{\"@type\":\"Article\",\"@id\":\"https:\\\/\\\/seriezeta.com\\\/k\\\/videotrayectos-vol-xii-una-etapa-en-el-camino-131108\\\/#article\",\"isPartOf\":{\"@id\":\"https:\\\/\\\/seriezeta.com\\\/k\\\/videotrayectos-vol-xii-una-etapa-en-el-camino-131108\\\/\"},\"author\":{\"name\":\"Sr.K\",\"@id\":\"https:\\\/\\\/seriezeta.com\\\/k\\\/#\\\/schema\\\/person\\\/d1f097e765b92b7107a595f83c662e3a\"},\"headline\":\"V\u00eddeoTrayectos vol. XII: Una etapa en El Camino 13.11.08\",\"datePublished\":\"2008-11-16T20:41:59+00:00\",\"dateModified\":\"2008-11-16T20:45:16+00:00\",\"mainEntityOfPage\":{\"@id\":\"https:\\\/\\\/seriezeta.com\\\/k\\\/videotrayectos-vol-xii-una-etapa-en-el-camino-131108\\\/\"},\"wordCount\":369,\"commentCount\":1,\"articleSection\":[\"Videogr\u00e1fi.k\",\"V\u00eddeoTrayectos\"],\"inLanguage\":\"es\",\"potentialAction\":[{\"@type\":\"CommentAction\",\"name\":\"Comment\",\"target\":[\"https:\\\/\\\/seriezeta.com\\\/k\\\/videotrayectos-vol-xii-una-etapa-en-el-camino-131108\\\/#respond\"]}]},{\"@type\":\"WebPage\",\"@id\":\"https:\\\/\\\/seriezeta.com\\\/k\\\/videotrayectos-vol-xii-una-etapa-en-el-camino-131108\\\/\",\"url\":\"https:\\\/\\\/seriezeta.com\\\/k\\\/videotrayectos-vol-xii-una-etapa-en-el-camino-131108\\\/\",\"name\":\"V\u00eddeoTrayectos vol. XII: Una etapa en El Camino 13.11.08 | Sr.K\",\"isPartOf\":{\"@id\":\"https:\\\/\\\/seriezeta.com\\\/k\\\/#website\"},\"datePublished\":\"2008-11-16T20:41:59+00:00\",\"dateModified\":\"2008-11-16T20:45:16+00:00\",\"author\":{\"@id\":\"https:\\\/\\\/seriezeta.com\\\/k\\\/#\\\/schema\\\/person\\\/d1f097e765b92b7107a595f83c662e3a\"},\"breadcrumb\":{\"@id\":\"https:\\\/\\\/seriezeta.com\\\/k\\\/videotrayectos-vol-xii-una-etapa-en-el-camino-131108\\\/#breadcrumb\"},\"inLanguage\":\"es\",\"potentialAction\":[{\"@type\":\"ReadAction\",\"target\":[\"https:\\\/\\\/seriezeta.com\\\/k\\\/videotrayectos-vol-xii-una-etapa-en-el-camino-131108\\\/\"]}]},{\"@type\":\"BreadcrumbList\",\"@id\":\"https:\\\/\\\/seriezeta.com\\\/k\\\/videotrayectos-vol-xii-una-etapa-en-el-camino-131108\\\/#breadcrumb\",\"itemListElement\":[{\"@type\":\"ListItem\",\"position\":1,\"name\":\"Portada\",\"item\":\"https:\\\/\\\/seriezeta.com\\\/k\\\/\"},{\"@type\":\"ListItem\",\"position\":2,\"name\":\"V\u00eddeoTrayectos vol. XII: Una etapa en El Camino 13.11.08\"}]},{\"@type\":\"WebSite\",\"@id\":\"https:\\\/\\\/seriezeta.com\\\/k\\\/#website\",\"url\":\"https:\\\/\\\/seriezeta.com\\\/k\\\/\",\"name\":\"Sr.K\",\"description\":\"Del lado sano de mi cabeza\",\"potentialAction\":[{\"@type\":\"SearchAction\",\"target\":{\"@type\":\"EntryPoint\",\"urlTemplate\":\"https:\\\/\\\/seriezeta.com\\\/k\\\/?s={search_term_string}\"},\"query-input\":{\"@type\":\"PropertyValueSpecification\",\"valueRequired\":true,\"valueName\":\"search_term_string\"}}],\"inLanguage\":\"es\"},{\"@type\":\"Person\",\"@id\":\"https:\\\/\\\/seriezeta.com\\\/k\\\/#\\\/schema\\\/person\\\/d1f097e765b92b7107a595f83c662e3a\",\"name\":\"Sr.K\",\"image\":{\"@type\":\"ImageObject\",\"inLanguage\":\"es\",\"@id\":\"https:\\\/\\\/secure.gravatar.com\\\/avatar\\\/f4150216c027d16d7fd4f3ef1ab6d1e8084b025230e575ff77617dae33692535?s=96&d=mm&r=g\",\"url\":\"https:\\\/\\\/secure.gravatar.com\\\/avatar\\\/f4150216c027d16d7fd4f3ef1ab6d1e8084b025230e575ff77617dae33692535?s=96&d=mm&r=g\",\"contentUrl\":\"https:\\\/\\\/secure.gravatar.com\\\/avatar\\\/f4150216c027d16d7fd4f3ef1ab6d1e8084b025230e575ff77617dae33692535?s=96&d=mm&r=g\",\"caption\":\"Sr.K\"},\"description\":\"Reflexiones, narraciones y elucubraciones diversas acompa\u00f1adas de fotograf\u00eda y m\u00fasica.\",\"sameAs\":[\"http:\\\/\\\/www.seriezeta.com\\\/k\\\/\"]}]}<\/script>\n<!-- \/ Yoast SEO plugin. -->","yoast_head_json":{"title":"V\u00eddeoTrayectos vol. XII: Una etapa en El Camino 13.11.08 | Sr.K","robots":{"index":"index","follow":"follow","max-snippet":"max-snippet:-1","max-image-preview":"max-image-preview:large","max-video-preview":"max-video-preview:-1"},"canonical":"https:\/\/seriezeta.com\/k\/videotrayectos-vol-xii-una-etapa-en-el-camino-131108\/","og_locale":"es_ES","og_type":"article","og_title":"V\u00eddeoTrayectos vol. XII: Una etapa en El Camino 13.11.08 | Sr.K","og_description":"sellando credenciales (san juan de ortega) &#8211; partida &#8211; botas &#8211; caminando &#8211; paso canadiense &#8211; caminando &#8211; caf\u00e9 con leche (atapuerca) &#8211; caminando &#8211; espiral de piedras &#8211; caminando &#8211; caf\u00e9 y refrescos &#8211; buscando bares (carde\u00f1uela de r\u00edo pico) &#8211; caminando &#8211; johansen (carpintero alem\u00e1n) &#8211; bocata (casta\u00f1ares) &#8211; caminando &#8211; hablando en &hellip; Continuar leyendo \"V\u00eddeoTrayectos vol. XII: Una etapa en El Camino 13.11.08\"","og_url":"https:\/\/seriezeta.com\/k\/videotrayectos-vol-xii-una-etapa-en-el-camino-131108\/","og_site_name":"Sr.K","article_published_time":"2008-11-16T20:41:59+00:00","article_modified_time":"2008-11-16T20:45:16+00:00","og_image":[{"url":"http:\/\/seriezeta.com\/k\/wp-content\/uploads\/2006\/04\/sr-k-2017.jpeg","type":"","width":"","height":""}],"author":"Sr.K","twitter_card":"summary_large_image","twitter_misc":{"Escrito por":"Sr.K","Tiempo de lectura":"2 minutos"},"schema":{"@context":"https:\/\/schema.org","@graph":[{"@type":"Article","@id":"https:\/\/seriezeta.com\/k\/videotrayectos-vol-xii-una-etapa-en-el-camino-131108\/#article","isPartOf":{"@id":"https:\/\/seriezeta.com\/k\/videotrayectos-vol-xii-una-etapa-en-el-camino-131108\/"},"author":{"name":"Sr.K","@id":"https:\/\/seriezeta.com\/k\/#\/schema\/person\/d1f097e765b92b7107a595f83c662e3a"},"headline":"V\u00eddeoTrayectos vol. XII: Una etapa en El Camino 13.11.08","datePublished":"2008-11-16T20:41:59+00:00","dateModified":"2008-11-16T20:45:16+00:00","mainEntityOfPage":{"@id":"https:\/\/seriezeta.com\/k\/videotrayectos-vol-xii-una-etapa-en-el-camino-131108\/"},"wordCount":369,"commentCount":1,"articleSection":["Videogr\u00e1fi.k","V\u00eddeoTrayectos"],"inLanguage":"es","potentialAction":[{"@type":"CommentAction","name":"Comment","target":["https:\/\/seriezeta.com\/k\/videotrayectos-vol-xii-una-etapa-en-el-camino-131108\/#respond"]}]},{"@type":"WebPage","@id":"https:\/\/seriezeta.com\/k\/videotrayectos-vol-xii-una-etapa-en-el-camino-131108\/","url":"https:\/\/seriezeta.com\/k\/videotrayectos-vol-xii-una-etapa-en-el-camino-131108\/","name":"V\u00eddeoTrayectos vol. XII: Una etapa en El Camino 13.11.08 | Sr.K","isPartOf":{"@id":"https:\/\/seriezeta.com\/k\/#website"},"datePublished":"2008-11-16T20:41:59+00:00","dateModified":"2008-11-16T20:45:16+00:00","author":{"@id":"https:\/\/seriezeta.com\/k\/#\/schema\/person\/d1f097e765b92b7107a595f83c662e3a"},"breadcrumb":{"@id":"https:\/\/seriezeta.com\/k\/videotrayectos-vol-xii-una-etapa-en-el-camino-131108\/#breadcrumb"},"inLanguage":"es","potentialAction":[{"@type":"ReadAction","target":["https:\/\/seriezeta.com\/k\/videotrayectos-vol-xii-una-etapa-en-el-camino-131108\/"]}]},{"@type":"BreadcrumbList","@id":"https:\/\/seriezeta.com\/k\/videotrayectos-vol-xii-una-etapa-en-el-camino-131108\/#breadcrumb","itemListElement":[{"@type":"ListItem","position":1,"name":"Portada","item":"https:\/\/seriezeta.com\/k\/"},{"@type":"ListItem","position":2,"name":"V\u00eddeoTrayectos vol. XII: Una etapa en El Camino 13.11.08"}]},{"@type":"WebSite","@id":"https:\/\/seriezeta.com\/k\/#website","url":"https:\/\/seriezeta.com\/k\/","name":"Sr.K","description":"Del lado sano de mi cabeza","potentialAction":[{"@type":"SearchAction","target":{"@type":"EntryPoint","urlTemplate":"https:\/\/seriezeta.com\/k\/?s={search_term_string}"},"query-input":{"@type":"PropertyValueSpecification","valueRequired":true,"valueName":"search_term_string"}}],"inLanguage":"es"},{"@type":"Person","@id":"https:\/\/seriezeta.com\/k\/#\/schema\/person\/d1f097e765b92b7107a595f83c662e3a","name":"Sr.K","image":{"@type":"ImageObject","inLanguage":"es","@id":"https:\/\/secure.gravatar.com\/avatar\/f4150216c027d16d7fd4f3ef1ab6d1e8084b025230e575ff77617dae33692535?s=96&d=mm&r=g","url":"https:\/\/secure.gravatar.com\/avatar\/f4150216c027d16d7fd4f3ef1ab6d1e8084b025230e575ff77617dae33692535?s=96&d=mm&r=g","contentUrl":"https:\/\/secure.gravatar.com\/avatar\/f4150216c027d16d7fd4f3ef1ab6d1e8084b025230e575ff77617dae33692535?s=96&d=mm&r=g","caption":"Sr.K"},"description":"Reflexiones, narraciones y elucubraciones diversas acompa\u00f1adas de fotograf\u00eda y m\u00fasica.","sameAs":["http:\/\/www.seriezeta.com\/k\/"]}]}},"_links":{"self":[{"href":"https:\/\/seriezeta.com\/k\/wp-json\/wp\/v2\/posts\/471","targetHints":{"allow":["GET"]}}],"collection":[{"href":"https:\/\/seriezeta.com\/k\/wp-json\/wp\/v2\/posts"}],"about":[{"href":"https:\/\/seriezeta.com\/k\/wp-json\/wp\/v2\/types\/post"}],"author":[{"embeddable":true,"href":"https:\/\/seriezeta.com\/k\/wp-json\/wp\/v2\/users\/1"}],"replies":[{"embeddable":true,"href":"https:\/\/seriezeta.com\/k\/wp-json\/wp\/v2\/comments?post=471"}],"version-history":[{"count":0,"href":"https:\/\/seriezeta.com\/k\/wp-json\/wp\/v2\/posts\/471\/revisions"}],"wp:attachment":[{"href":"https:\/\/seriezeta.com\/k\/wp-json\/wp\/v2\/media?parent=471"}],"wp:term":[{"taxonomy":"category","embeddable":true,"href":"https:\/\/seriezeta.com\/k\/wp-json\/wp\/v2\/categories?post=471"},{"taxonomy":"post_tag","embeddable":true,"href":"https:\/\/seriezeta.com\/k\/wp-json\/wp\/v2\/tags?post=471"}],"curies":[{"name":"wp","href":"https:\/\/api.w.org\/{rel}","templated":true}]}}