{"id":527,"date":"2009-07-14T11:52:21","date_gmt":"2009-07-14T09:52:21","guid":{"rendered":"http:\/\/www.seriezeta.com\/k\/filosofik\/oriencidental\/"},"modified":"2009-08-26T13:08:12","modified_gmt":"2009-08-26T11:08:12","slug":"oriencidental","status":"publish","type":"post","link":"https:\/\/seriezeta.com\/k\/oriencidental\/","title":{"rendered":"Oriencidental"},"content":{"rendered":"<p>Venga <em>pa&#8217;qu\u00ed y pa&#8217;ll\u00e1<\/em>. Ni me paren, ni me quiten lo bailao, que parar es muerte y la muerte da miedo porque en occidente ya no sabemos qu\u00e9 hay <em>detr\u00e1s<\/em>. Hace un tiempo lo sab\u00edamos \u2013 vive Dios \u2013, pero se nos fue de las manos por que nos distraj\u00edmos con otras cosas <strong>consumistas<\/strong> y <strong>comunistas<\/strong>. Y mentando a la <em>bicha<\/em>, piensen en <strong>los chinos<\/strong>. Ellos s\u00ed que saben, no como nosotros; blancuzcos ojipl\u00e1ticos adoradores de mu\u00f1equitos gores barbudos. Miles de a\u00f1os de tradici\u00f3n pinch\u00e1ndose con las agujas de los pajares y respetando a sus viejos como se\u00f1ores de edad que son. Ser\u00e1 por eso que los mayores chinos parecen <strong>antiguos<\/strong> m\u00e1s que viejos. Ser\u00e1 porque siempre han estado ah\u00ed; observando a los locos occidentales, diciendo \u00ab<em>ya vendr\u00e9is, ya<\/em>\u00bb. Pero, nadie viene. As\u00ed que mandan a sus v\u00e1stagos a avisar. Y sus v\u00e1stagos se pierden entre las tragaperras, el <em>kitsch<\/em> barato y los ultramarinos <em>seven-eleven<\/em> de barrio.<\/p>\n<p><a class=\"imagelink thickbox no_icon\" target=\"_blank\" href=\"http:\/\/www.seriezeta.com\/k\/wp-content\/uploads\/2009\/07\/amarrado_motorizado.jpg\" title=\"Amarrado motorizado\"><img decoding=\"async\" id=\"image547\" src=\"http:\/\/www.seriezeta.com\/k\/wp-content\/uploads\/2009\/07\/amarrado_motorizado_p.jpg\" alt=\"Amarrado motorizado\" \/><\/a><\/p>\n<p>Al final, si los chinos nos quitan algo, que nos quiten lo bailao, que la <strong>angustia vital<\/strong> a occidente no se la quita ni Dios, ni el tai-chi, ni el prozac.<\/p>\n<p><font size=\"1\">Banda Sonora recomendada:<\/font><br \/>\n<font size=\"1\"><strong>\u00abOccidente\u00bb<\/strong> x <a target=\"_blank\" title=\"Amigos enemigos\" href=\"http:\/\/es.wikipedia.org\/wiki\/Los_Enemigos\">Los Enemigos<\/a> &#8211; La cuenta atr\u00e1s (1991)<\/font><br \/>\nhttp:\/\/www.seriezeta.com\/k\/recursos\/musique\/enemigos.occidente.mp3 <\/font><\/p>\n","protected":false},"excerpt":{"rendered":"<p>Venga pa&#8217;qu\u00ed y pa&#8217;ll\u00e1. Ni me paren, ni me quiten lo bailao, que parar es muerte y la muerte da miedo porque en occidente ya no sabemos qu\u00e9 hay detr\u00e1s. Hace un tiempo lo sab\u00edamos \u2013 vive Dios \u2013, pero se nos fue de las manos por que nos distraj\u00edmos con otras cosas consumistas y &hellip; <\/p>\n<p class=\"link-more\"><a href=\"https:\/\/seriezeta.com\/k\/oriencidental\/\" class=\"more-link\">Continuar leyendo<span class=\"screen-reader-text\"> \u00abOriencidental\u00bb<\/span><\/a><\/p>\n","protected":false},"author":1,"featured_media":0,"comment_status":"open","ping_status":"open","sticky":false,"template":"","format":"standard","meta":{"footnotes":""},"categories":[13],"tags":[],"class_list":["post-527","post","type-post","status-publish","format-standard","hentry","category-filosofik"],"yoast_head":"<!-- This site is optimized with the Yoast SEO plugin v27.5 - https:\/\/yoast.com\/product\/yoast-seo-wordpress\/ -->\n<title>Oriencidental | Sr.K<\/title>\n<meta name=\"robots\" content=\"index, follow, max-snippet:-1, max-image-preview:large, max-video-preview:-1\" \/>\n<link rel=\"canonical\" href=\"https:\/\/seriezeta.com\/k\/oriencidental\/\" \/>\n<meta property=\"og:locale\" content=\"es_ES\" \/>\n<meta property=\"og:type\" content=\"article\" \/>\n<meta property=\"og:title\" content=\"Oriencidental | Sr.K\" \/>\n<meta property=\"og:description\" content=\"Venga pa&#8217;qu\u00ed y pa&#8217;ll\u00e1. Ni me paren, ni me quiten lo bailao, que parar es muerte y la muerte da miedo porque en occidente ya no sabemos qu\u00e9 hay detr\u00e1s. Hace un tiempo lo sab\u00edamos \u2013 vive Dios \u2013, pero se nos fue de las manos por que nos distraj\u00edmos con otras cosas consumistas y &hellip; Continuar leyendo &quot;Oriencidental&quot;\" \/>\n<meta property=\"og:url\" content=\"https:\/\/seriezeta.com\/k\/oriencidental\/\" \/>\n<meta property=\"og:site_name\" content=\"Sr.K\" \/>\n<meta property=\"article:published_time\" content=\"2009-07-14T09:52:21+00:00\" \/>\n<meta property=\"article:modified_time\" content=\"2009-08-26T11:08:12+00:00\" \/>\n<meta property=\"og:image\" content=\"http:\/\/www.seriezeta.com\/k\/wp-content\/uploads\/2009\/07\/amarrado_motorizado_p.jpg\" \/>\n<meta name=\"author\" content=\"Sr.K\" \/>\n<meta name=\"twitter:card\" content=\"summary_large_image\" \/>\n<meta name=\"twitter:label1\" content=\"Escrito por\" \/>\n\t<meta name=\"twitter:data1\" content=\"Sr.K\" \/>\n\t<meta name=\"twitter:label2\" content=\"Tiempo de lectura\" \/>\n\t<meta name=\"twitter:data2\" content=\"1 minuto\" \/>\n<script type=\"application\/ld+json\" class=\"yoast-schema-graph\">{\"@context\":\"https:\\\/\\\/schema.org\",\"@graph\":[{\"@type\":\"Article\",\"@id\":\"https:\\\/\\\/seriezeta.com\\\/k\\\/oriencidental\\\/#article\",\"isPartOf\":{\"@id\":\"https:\\\/\\\/seriezeta.com\\\/k\\\/oriencidental\\\/\"},\"author\":{\"name\":\"Sr.K\",\"@id\":\"https:\\\/\\\/seriezeta.com\\\/k\\\/#\\\/schema\\\/person\\\/d1f097e765b92b7107a595f83c662e3a\"},\"headline\":\"Oriencidental\",\"datePublished\":\"2009-07-14T09:52:21+00:00\",\"dateModified\":\"2009-08-26T11:08:12+00:00\",\"mainEntityOfPage\":{\"@id\":\"https:\\\/\\\/seriezeta.com\\\/k\\\/oriencidental\\\/\"},\"wordCount\":224,\"commentCount\":1,\"image\":{\"@id\":\"https:\\\/\\\/seriezeta.com\\\/k\\\/oriencidental\\\/#primaryimage\"},\"thumbnailUrl\":\"http:\\\/\\\/www.seriezeta.com\\\/k\\\/wp-content\\\/uploads\\\/2009\\\/07\\\/amarrado_motorizado_p.jpg\",\"articleSection\":[\"Filos\u00f3fi.K\"],\"inLanguage\":\"es\",\"potentialAction\":[{\"@type\":\"CommentAction\",\"name\":\"Comment\",\"target\":[\"https:\\\/\\\/seriezeta.com\\\/k\\\/oriencidental\\\/#respond\"]}]},{\"@type\":\"WebPage\",\"@id\":\"https:\\\/\\\/seriezeta.com\\\/k\\\/oriencidental\\\/\",\"url\":\"https:\\\/\\\/seriezeta.com\\\/k\\\/oriencidental\\\/\",\"name\":\"Oriencidental | Sr.K\",\"isPartOf\":{\"@id\":\"https:\\\/\\\/seriezeta.com\\\/k\\\/#website\"},\"primaryImageOfPage\":{\"@id\":\"https:\\\/\\\/seriezeta.com\\\/k\\\/oriencidental\\\/#primaryimage\"},\"image\":{\"@id\":\"https:\\\/\\\/seriezeta.com\\\/k\\\/oriencidental\\\/#primaryimage\"},\"thumbnailUrl\":\"http:\\\/\\\/www.seriezeta.com\\\/k\\\/wp-content\\\/uploads\\\/2009\\\/07\\\/amarrado_motorizado_p.jpg\",\"datePublished\":\"2009-07-14T09:52:21+00:00\",\"dateModified\":\"2009-08-26T11:08:12+00:00\",\"author\":{\"@id\":\"https:\\\/\\\/seriezeta.com\\\/k\\\/#\\\/schema\\\/person\\\/d1f097e765b92b7107a595f83c662e3a\"},\"breadcrumb\":{\"@id\":\"https:\\\/\\\/seriezeta.com\\\/k\\\/oriencidental\\\/#breadcrumb\"},\"inLanguage\":\"es\",\"potentialAction\":[{\"@type\":\"ReadAction\",\"target\":[\"https:\\\/\\\/seriezeta.com\\\/k\\\/oriencidental\\\/\"]}]},{\"@type\":\"ImageObject\",\"inLanguage\":\"es\",\"@id\":\"https:\\\/\\\/seriezeta.com\\\/k\\\/oriencidental\\\/#primaryimage\",\"url\":\"http:\\\/\\\/www.seriezeta.com\\\/k\\\/wp-content\\\/uploads\\\/2009\\\/07\\\/amarrado_motorizado_p.jpg\",\"contentUrl\":\"http:\\\/\\\/www.seriezeta.com\\\/k\\\/wp-content\\\/uploads\\\/2009\\\/07\\\/amarrado_motorizado_p.jpg\"},{\"@type\":\"BreadcrumbList\",\"@id\":\"https:\\\/\\\/seriezeta.com\\\/k\\\/oriencidental\\\/#breadcrumb\",\"itemListElement\":[{\"@type\":\"ListItem\",\"position\":1,\"name\":\"Portada\",\"item\":\"https:\\\/\\\/seriezeta.com\\\/k\\\/\"},{\"@type\":\"ListItem\",\"position\":2,\"name\":\"Oriencidental\"}]},{\"@type\":\"WebSite\",\"@id\":\"https:\\\/\\\/seriezeta.com\\\/k\\\/#website\",\"url\":\"https:\\\/\\\/seriezeta.com\\\/k\\\/\",\"name\":\"Sr.K\",\"description\":\"Del lado sano de mi cabeza\",\"potentialAction\":[{\"@type\":\"SearchAction\",\"target\":{\"@type\":\"EntryPoint\",\"urlTemplate\":\"https:\\\/\\\/seriezeta.com\\\/k\\\/?s={search_term_string}\"},\"query-input\":{\"@type\":\"PropertyValueSpecification\",\"valueRequired\":true,\"valueName\":\"search_term_string\"}}],\"inLanguage\":\"es\"},{\"@type\":\"Person\",\"@id\":\"https:\\\/\\\/seriezeta.com\\\/k\\\/#\\\/schema\\\/person\\\/d1f097e765b92b7107a595f83c662e3a\",\"name\":\"Sr.K\",\"image\":{\"@type\":\"ImageObject\",\"inLanguage\":\"es\",\"@id\":\"https:\\\/\\\/secure.gravatar.com\\\/avatar\\\/f4150216c027d16d7fd4f3ef1ab6d1e8084b025230e575ff77617dae33692535?s=96&d=mm&r=g\",\"url\":\"https:\\\/\\\/secure.gravatar.com\\\/avatar\\\/f4150216c027d16d7fd4f3ef1ab6d1e8084b025230e575ff77617dae33692535?s=96&d=mm&r=g\",\"contentUrl\":\"https:\\\/\\\/secure.gravatar.com\\\/avatar\\\/f4150216c027d16d7fd4f3ef1ab6d1e8084b025230e575ff77617dae33692535?s=96&d=mm&r=g\",\"caption\":\"Sr.K\"},\"description\":\"Reflexiones, narraciones y elucubraciones diversas acompa\u00f1adas de fotograf\u00eda y m\u00fasica.\",\"sameAs\":[\"http:\\\/\\\/www.seriezeta.com\\\/k\\\/\"]}]}<\/script>\n<!-- \/ Yoast SEO plugin. -->","yoast_head_json":{"title":"Oriencidental | Sr.K","robots":{"index":"index","follow":"follow","max-snippet":"max-snippet:-1","max-image-preview":"max-image-preview:large","max-video-preview":"max-video-preview:-1"},"canonical":"https:\/\/seriezeta.com\/k\/oriencidental\/","og_locale":"es_ES","og_type":"article","og_title":"Oriencidental | Sr.K","og_description":"Venga pa&#8217;qu\u00ed y pa&#8217;ll\u00e1. Ni me paren, ni me quiten lo bailao, que parar es muerte y la muerte da miedo porque en occidente ya no sabemos qu\u00e9 hay detr\u00e1s. Hace un tiempo lo sab\u00edamos \u2013 vive Dios \u2013, pero se nos fue de las manos por que nos distraj\u00edmos con otras cosas consumistas y &hellip; Continuar leyendo \"Oriencidental\"","og_url":"https:\/\/seriezeta.com\/k\/oriencidental\/","og_site_name":"Sr.K","article_published_time":"2009-07-14T09:52:21+00:00","article_modified_time":"2009-08-26T11:08:12+00:00","og_image":[{"url":"http:\/\/www.seriezeta.com\/k\/wp-content\/uploads\/2009\/07\/amarrado_motorizado_p.jpg","type":"","width":"","height":""}],"author":"Sr.K","twitter_card":"summary_large_image","twitter_misc":{"Escrito por":"Sr.K","Tiempo de lectura":"1 minuto"},"schema":{"@context":"https:\/\/schema.org","@graph":[{"@type":"Article","@id":"https:\/\/seriezeta.com\/k\/oriencidental\/#article","isPartOf":{"@id":"https:\/\/seriezeta.com\/k\/oriencidental\/"},"author":{"name":"Sr.K","@id":"https:\/\/seriezeta.com\/k\/#\/schema\/person\/d1f097e765b92b7107a595f83c662e3a"},"headline":"Oriencidental","datePublished":"2009-07-14T09:52:21+00:00","dateModified":"2009-08-26T11:08:12+00:00","mainEntityOfPage":{"@id":"https:\/\/seriezeta.com\/k\/oriencidental\/"},"wordCount":224,"commentCount":1,"image":{"@id":"https:\/\/seriezeta.com\/k\/oriencidental\/#primaryimage"},"thumbnailUrl":"http:\/\/www.seriezeta.com\/k\/wp-content\/uploads\/2009\/07\/amarrado_motorizado_p.jpg","articleSection":["Filos\u00f3fi.K"],"inLanguage":"es","potentialAction":[{"@type":"CommentAction","name":"Comment","target":["https:\/\/seriezeta.com\/k\/oriencidental\/#respond"]}]},{"@type":"WebPage","@id":"https:\/\/seriezeta.com\/k\/oriencidental\/","url":"https:\/\/seriezeta.com\/k\/oriencidental\/","name":"Oriencidental | Sr.K","isPartOf":{"@id":"https:\/\/seriezeta.com\/k\/#website"},"primaryImageOfPage":{"@id":"https:\/\/seriezeta.com\/k\/oriencidental\/#primaryimage"},"image":{"@id":"https:\/\/seriezeta.com\/k\/oriencidental\/#primaryimage"},"thumbnailUrl":"http:\/\/www.seriezeta.com\/k\/wp-content\/uploads\/2009\/07\/amarrado_motorizado_p.jpg","datePublished":"2009-07-14T09:52:21+00:00","dateModified":"2009-08-26T11:08:12+00:00","author":{"@id":"https:\/\/seriezeta.com\/k\/#\/schema\/person\/d1f097e765b92b7107a595f83c662e3a"},"breadcrumb":{"@id":"https:\/\/seriezeta.com\/k\/oriencidental\/#breadcrumb"},"inLanguage":"es","potentialAction":[{"@type":"ReadAction","target":["https:\/\/seriezeta.com\/k\/oriencidental\/"]}]},{"@type":"ImageObject","inLanguage":"es","@id":"https:\/\/seriezeta.com\/k\/oriencidental\/#primaryimage","url":"http:\/\/www.seriezeta.com\/k\/wp-content\/uploads\/2009\/07\/amarrado_motorizado_p.jpg","contentUrl":"http:\/\/www.seriezeta.com\/k\/wp-content\/uploads\/2009\/07\/amarrado_motorizado_p.jpg"},{"@type":"BreadcrumbList","@id":"https:\/\/seriezeta.com\/k\/oriencidental\/#breadcrumb","itemListElement":[{"@type":"ListItem","position":1,"name":"Portada","item":"https:\/\/seriezeta.com\/k\/"},{"@type":"ListItem","position":2,"name":"Oriencidental"}]},{"@type":"WebSite","@id":"https:\/\/seriezeta.com\/k\/#website","url":"https:\/\/seriezeta.com\/k\/","name":"Sr.K","description":"Del lado sano de mi cabeza","potentialAction":[{"@type":"SearchAction","target":{"@type":"EntryPoint","urlTemplate":"https:\/\/seriezeta.com\/k\/?s={search_term_string}"},"query-input":{"@type":"PropertyValueSpecification","valueRequired":true,"valueName":"search_term_string"}}],"inLanguage":"es"},{"@type":"Person","@id":"https:\/\/seriezeta.com\/k\/#\/schema\/person\/d1f097e765b92b7107a595f83c662e3a","name":"Sr.K","image":{"@type":"ImageObject","inLanguage":"es","@id":"https:\/\/secure.gravatar.com\/avatar\/f4150216c027d16d7fd4f3ef1ab6d1e8084b025230e575ff77617dae33692535?s=96&d=mm&r=g","url":"https:\/\/secure.gravatar.com\/avatar\/f4150216c027d16d7fd4f3ef1ab6d1e8084b025230e575ff77617dae33692535?s=96&d=mm&r=g","contentUrl":"https:\/\/secure.gravatar.com\/avatar\/f4150216c027d16d7fd4f3ef1ab6d1e8084b025230e575ff77617dae33692535?s=96&d=mm&r=g","caption":"Sr.K"},"description":"Reflexiones, narraciones y elucubraciones diversas acompa\u00f1adas de fotograf\u00eda y m\u00fasica.","sameAs":["http:\/\/www.seriezeta.com\/k\/"]}]}},"_links":{"self":[{"href":"https:\/\/seriezeta.com\/k\/wp-json\/wp\/v2\/posts\/527","targetHints":{"allow":["GET"]}}],"collection":[{"href":"https:\/\/seriezeta.com\/k\/wp-json\/wp\/v2\/posts"}],"about":[{"href":"https:\/\/seriezeta.com\/k\/wp-json\/wp\/v2\/types\/post"}],"author":[{"embeddable":true,"href":"https:\/\/seriezeta.com\/k\/wp-json\/wp\/v2\/users\/1"}],"replies":[{"embeddable":true,"href":"https:\/\/seriezeta.com\/k\/wp-json\/wp\/v2\/comments?post=527"}],"version-history":[{"count":0,"href":"https:\/\/seriezeta.com\/k\/wp-json\/wp\/v2\/posts\/527\/revisions"}],"wp:attachment":[{"href":"https:\/\/seriezeta.com\/k\/wp-json\/wp\/v2\/media?parent=527"}],"wp:term":[{"taxonomy":"category","embeddable":true,"href":"https:\/\/seriezeta.com\/k\/wp-json\/wp\/v2\/categories?post=527"},{"taxonomy":"post_tag","embeddable":true,"href":"https:\/\/seriezeta.com\/k\/wp-json\/wp\/v2\/tags?post=527"}],"curies":[{"name":"wp","href":"https:\/\/api.w.org\/{rel}","templated":true}]}}