{"id":552,"date":"2009-08-29T18:47:19","date_gmt":"2009-08-29T16:47:19","guid":{"rendered":"http:\/\/www.seriezeta.com\/k\/cotidianik\/goce-estetico-que-no-estetico\/"},"modified":"2009-08-27T11:36:23","modified_gmt":"2009-08-27T09:36:23","slug":"goce-estetico-que-no-estetico","status":"publish","type":"post","link":"https:\/\/seriezeta.com\/k\/goce-estetico-que-no-estetico\/","title":{"rendered":"Goce estetico (que no est\u00e9tico)"},"content":{"rendered":"<p>Ji, ji, ji. Lo admito. Hoy te <strong>he mirado<\/strong> el escote. \u00e1Buf! No pensaba que lo luc\u00edas tan bien y tan dignamente. Es lo que tenemos los t\u00edos, que no nos fijamos, pero hoy estaba ah\u00ed, enfrente. Yo de pie, t\u00fa sentada. Lo he <strong>gozado<\/strong>.<\/p>\n<p><a class=\"imagelink thickbox no_icon\" href=\"http:\/\/www.seriezeta.com\/k\/wp-content\/uploads\/2009\/08\/peonzones_blanquinegros.jpg\" title=\"Peonzones blanquinegros\" target=\"_blank\"><img decoding=\"async\" id=\"image566\" src=\"http:\/\/www.seriezeta.com\/k\/wp-content\/uploads\/2009\/08\/peonzones_blanquinegros_p.jpg\" alt=\"Peonzones blanquinegros\" \/><\/a><\/p>\n<p>No. No nos confundamos. No ha sido <strong>nada lascivo<\/strong>. Ha sido puro goce <em>estetico<\/em>, perd\u00f3n, est\u00e9tico. Tan bonito, como para acunar la cabeza. Redonceces bonitas y suaves a primera hora de la ma\u00f1ana. Ha sido como despertar con el olor del caf\u00e9 reci\u00e9n hecho o amanecer con <a target=\"_blank\" href=\"http:\/\/es.wikipedia.org\/wiki\/Claude_Debussy\" title=\"Claude Debussy\">Debussy<\/a> sonando suave y claro en el equipo de sonido.<\/p>\n<p>Momentazo. Era tan <strong>buena<\/strong> tu indiferencia en ese momento que hasta he agradecido mentalmente que ya no cruces la mirada conmigo. Ser pillado hubiera trasformado un momento sublime de un bonito escote \u2013 reservado en exclusiva al verano \u2013 en un decadente acto de falta de respeto que me hubiera hundido a\u00fan m\u00e1s en el patetismo que los d\u00edas malos me autoinflijo por no comprender nada.<\/p>\n<p>So\u00f1ar es de traviesos. <strong>Mirar<\/strong> es de humanos.<\/p>\n<p><font size=\"1\">Banda Sonora recomendada:<\/font><br \/>\n<font size=\"1\"><strong>\u00abNo se hable m\u00e1s\u00bb<\/strong> x <a target=\"_blank\" title=\"Amigos enemigos\" href=\"http:\/\/es.wikipedia.org\/wiki\/Los_Enemigos\">Los Enemigos<\/a> &#8211; La cuenta atr\u00e1s (1991)<\/font><br \/>\nhttp:\/\/www.seriezeta.com\/k\/recursos\/musique\/enemigos.no_se_hable.mp3 <\/font><br \/>\n<font size=\"1\">En <strong>Spotify<\/strong>: <a href=\"http:\/\/open.spotify.com\/track\/4ebCr2XEmGUABJsPrvuC1U\">Los Enemigos &#8211; No se hable m\u00e1s<\/a><\/font><\/p>\n","protected":false},"excerpt":{"rendered":"<p>Ji, ji, ji. Lo admito. Hoy te he mirado el escote. \u00e1Buf! No pensaba que lo luc\u00edas tan bien y tan dignamente. Es lo que tenemos los t\u00edos, que no nos fijamos, pero hoy estaba ah\u00ed, enfrente. Yo de pie, t\u00fa sentada. Lo he gozado. No. No nos confundamos. No ha sido nada lascivo. Ha &hellip; <\/p>\n<p class=\"link-more\"><a href=\"https:\/\/seriezeta.com\/k\/goce-estetico-que-no-estetico\/\" class=\"more-link\">Continuar leyendo<span class=\"screen-reader-text\"> \u00abGoce estetico (que no est\u00e9tico)\u00bb<\/span><\/a><\/p>\n","protected":false},"author":1,"featured_media":0,"comment_status":"open","ping_status":"open","sticky":false,"template":"","format":"standard","meta":{"footnotes":""},"categories":[1],"tags":[],"class_list":["post-552","post","type-post","status-publish","format-standard","hentry","category-cotidianik"],"yoast_head":"<!-- This site is optimized with the Yoast SEO plugin v27.5 - https:\/\/yoast.com\/product\/yoast-seo-wordpress\/ -->\n<title>Goce estetico (que no est\u00e9tico) | Sr.K<\/title>\n<meta name=\"robots\" content=\"index, follow, max-snippet:-1, max-image-preview:large, max-video-preview:-1\" \/>\n<link rel=\"canonical\" href=\"https:\/\/seriezeta.com\/k\/goce-estetico-que-no-estetico\/\" \/>\n<meta property=\"og:locale\" content=\"es_ES\" \/>\n<meta property=\"og:type\" content=\"article\" \/>\n<meta property=\"og:title\" content=\"Goce estetico (que no est\u00e9tico) | Sr.K\" \/>\n<meta property=\"og:description\" content=\"Ji, ji, ji. Lo admito. Hoy te he mirado el escote. \u00e1Buf! No pensaba que lo luc\u00edas tan bien y tan dignamente. Es lo que tenemos los t\u00edos, que no nos fijamos, pero hoy estaba ah\u00ed, enfrente. Yo de pie, t\u00fa sentada. Lo he gozado. No. No nos confundamos. No ha sido nada lascivo. Ha &hellip; Continuar leyendo &quot;Goce estetico (que no est\u00e9tico)&quot;\" \/>\n<meta property=\"og:url\" content=\"https:\/\/seriezeta.com\/k\/goce-estetico-que-no-estetico\/\" \/>\n<meta property=\"og:site_name\" content=\"Sr.K\" \/>\n<meta property=\"article:published_time\" content=\"2009-08-29T16:47:19+00:00\" \/>\n<meta property=\"og:image\" content=\"http:\/\/www.seriezeta.com\/k\/wp-content\/uploads\/2009\/08\/peonzones_blanquinegros_p.jpg\" \/>\n<meta name=\"author\" content=\"Sr.K\" \/>\n<meta name=\"twitter:card\" content=\"summary_large_image\" \/>\n<meta name=\"twitter:label1\" content=\"Escrito por\" \/>\n\t<meta name=\"twitter:data1\" content=\"Sr.K\" \/>\n\t<meta name=\"twitter:label2\" content=\"Tiempo de lectura\" \/>\n\t<meta name=\"twitter:data2\" content=\"1 minuto\" \/>\n<script type=\"application\/ld+json\" class=\"yoast-schema-graph\">{\"@context\":\"https:\\\/\\\/schema.org\",\"@graph\":[{\"@type\":\"Article\",\"@id\":\"https:\\\/\\\/seriezeta.com\\\/k\\\/goce-estetico-que-no-estetico\\\/#article\",\"isPartOf\":{\"@id\":\"https:\\\/\\\/seriezeta.com\\\/k\\\/goce-estetico-que-no-estetico\\\/\"},\"author\":{\"name\":\"Sr.K\",\"@id\":\"https:\\\/\\\/seriezeta.com\\\/k\\\/#\\\/schema\\\/person\\\/d1f097e765b92b7107a595f83c662e3a\"},\"headline\":\"Goce estetico (que no est\u00e9tico)\",\"datePublished\":\"2009-08-29T16:47:19+00:00\",\"mainEntityOfPage\":{\"@id\":\"https:\\\/\\\/seriezeta.com\\\/k\\\/goce-estetico-que-no-estetico\\\/\"},\"wordCount\":228,\"commentCount\":3,\"image\":{\"@id\":\"https:\\\/\\\/seriezeta.com\\\/k\\\/goce-estetico-que-no-estetico\\\/#primaryimage\"},\"thumbnailUrl\":\"http:\\\/\\\/www.seriezeta.com\\\/k\\\/wp-content\\\/uploads\\\/2009\\\/08\\\/peonzones_blanquinegros_p.jpg\",\"articleSection\":[\"Cotidi\u00e1ni.K\"],\"inLanguage\":\"es\",\"potentialAction\":[{\"@type\":\"CommentAction\",\"name\":\"Comment\",\"target\":[\"https:\\\/\\\/seriezeta.com\\\/k\\\/goce-estetico-que-no-estetico\\\/#respond\"]}]},{\"@type\":\"WebPage\",\"@id\":\"https:\\\/\\\/seriezeta.com\\\/k\\\/goce-estetico-que-no-estetico\\\/\",\"url\":\"https:\\\/\\\/seriezeta.com\\\/k\\\/goce-estetico-que-no-estetico\\\/\",\"name\":\"Goce estetico (que no est\u00e9tico) | Sr.K\",\"isPartOf\":{\"@id\":\"https:\\\/\\\/seriezeta.com\\\/k\\\/#website\"},\"primaryImageOfPage\":{\"@id\":\"https:\\\/\\\/seriezeta.com\\\/k\\\/goce-estetico-que-no-estetico\\\/#primaryimage\"},\"image\":{\"@id\":\"https:\\\/\\\/seriezeta.com\\\/k\\\/goce-estetico-que-no-estetico\\\/#primaryimage\"},\"thumbnailUrl\":\"http:\\\/\\\/www.seriezeta.com\\\/k\\\/wp-content\\\/uploads\\\/2009\\\/08\\\/peonzones_blanquinegros_p.jpg\",\"datePublished\":\"2009-08-29T16:47:19+00:00\",\"author\":{\"@id\":\"https:\\\/\\\/seriezeta.com\\\/k\\\/#\\\/schema\\\/person\\\/d1f097e765b92b7107a595f83c662e3a\"},\"breadcrumb\":{\"@id\":\"https:\\\/\\\/seriezeta.com\\\/k\\\/goce-estetico-que-no-estetico\\\/#breadcrumb\"},\"inLanguage\":\"es\",\"potentialAction\":[{\"@type\":\"ReadAction\",\"target\":[\"https:\\\/\\\/seriezeta.com\\\/k\\\/goce-estetico-que-no-estetico\\\/\"]}]},{\"@type\":\"ImageObject\",\"inLanguage\":\"es\",\"@id\":\"https:\\\/\\\/seriezeta.com\\\/k\\\/goce-estetico-que-no-estetico\\\/#primaryimage\",\"url\":\"http:\\\/\\\/www.seriezeta.com\\\/k\\\/wp-content\\\/uploads\\\/2009\\\/08\\\/peonzones_blanquinegros_p.jpg\",\"contentUrl\":\"http:\\\/\\\/www.seriezeta.com\\\/k\\\/wp-content\\\/uploads\\\/2009\\\/08\\\/peonzones_blanquinegros_p.jpg\"},{\"@type\":\"BreadcrumbList\",\"@id\":\"https:\\\/\\\/seriezeta.com\\\/k\\\/goce-estetico-que-no-estetico\\\/#breadcrumb\",\"itemListElement\":[{\"@type\":\"ListItem\",\"position\":1,\"name\":\"Portada\",\"item\":\"https:\\\/\\\/seriezeta.com\\\/k\\\/\"},{\"@type\":\"ListItem\",\"position\":2,\"name\":\"Goce estetico (que no est\u00e9tico)\"}]},{\"@type\":\"WebSite\",\"@id\":\"https:\\\/\\\/seriezeta.com\\\/k\\\/#website\",\"url\":\"https:\\\/\\\/seriezeta.com\\\/k\\\/\",\"name\":\"Sr.K\",\"description\":\"Del lado sano de mi cabeza\",\"potentialAction\":[{\"@type\":\"SearchAction\",\"target\":{\"@type\":\"EntryPoint\",\"urlTemplate\":\"https:\\\/\\\/seriezeta.com\\\/k\\\/?s={search_term_string}\"},\"query-input\":{\"@type\":\"PropertyValueSpecification\",\"valueRequired\":true,\"valueName\":\"search_term_string\"}}],\"inLanguage\":\"es\"},{\"@type\":\"Person\",\"@id\":\"https:\\\/\\\/seriezeta.com\\\/k\\\/#\\\/schema\\\/person\\\/d1f097e765b92b7107a595f83c662e3a\",\"name\":\"Sr.K\",\"image\":{\"@type\":\"ImageObject\",\"inLanguage\":\"es\",\"@id\":\"https:\\\/\\\/secure.gravatar.com\\\/avatar\\\/f4150216c027d16d7fd4f3ef1ab6d1e8084b025230e575ff77617dae33692535?s=96&d=mm&r=g\",\"url\":\"https:\\\/\\\/secure.gravatar.com\\\/avatar\\\/f4150216c027d16d7fd4f3ef1ab6d1e8084b025230e575ff77617dae33692535?s=96&d=mm&r=g\",\"contentUrl\":\"https:\\\/\\\/secure.gravatar.com\\\/avatar\\\/f4150216c027d16d7fd4f3ef1ab6d1e8084b025230e575ff77617dae33692535?s=96&d=mm&r=g\",\"caption\":\"Sr.K\"},\"description\":\"Reflexiones, narraciones y elucubraciones diversas acompa\u00f1adas de fotograf\u00eda y m\u00fasica.\",\"sameAs\":[\"http:\\\/\\\/www.seriezeta.com\\\/k\\\/\"]}]}<\/script>\n<!-- \/ Yoast SEO plugin. -->","yoast_head_json":{"title":"Goce estetico (que no est\u00e9tico) | Sr.K","robots":{"index":"index","follow":"follow","max-snippet":"max-snippet:-1","max-image-preview":"max-image-preview:large","max-video-preview":"max-video-preview:-1"},"canonical":"https:\/\/seriezeta.com\/k\/goce-estetico-que-no-estetico\/","og_locale":"es_ES","og_type":"article","og_title":"Goce estetico (que no est\u00e9tico) | Sr.K","og_description":"Ji, ji, ji. Lo admito. Hoy te he mirado el escote. \u00e1Buf! No pensaba que lo luc\u00edas tan bien y tan dignamente. Es lo que tenemos los t\u00edos, que no nos fijamos, pero hoy estaba ah\u00ed, enfrente. Yo de pie, t\u00fa sentada. Lo he gozado. No. No nos confundamos. No ha sido nada lascivo. Ha &hellip; Continuar leyendo \"Goce estetico (que no est\u00e9tico)\"","og_url":"https:\/\/seriezeta.com\/k\/goce-estetico-que-no-estetico\/","og_site_name":"Sr.K","article_published_time":"2009-08-29T16:47:19+00:00","og_image":[{"url":"http:\/\/www.seriezeta.com\/k\/wp-content\/uploads\/2009\/08\/peonzones_blanquinegros_p.jpg","type":"","width":"","height":""}],"author":"Sr.K","twitter_card":"summary_large_image","twitter_misc":{"Escrito por":"Sr.K","Tiempo de lectura":"1 minuto"},"schema":{"@context":"https:\/\/schema.org","@graph":[{"@type":"Article","@id":"https:\/\/seriezeta.com\/k\/goce-estetico-que-no-estetico\/#article","isPartOf":{"@id":"https:\/\/seriezeta.com\/k\/goce-estetico-que-no-estetico\/"},"author":{"name":"Sr.K","@id":"https:\/\/seriezeta.com\/k\/#\/schema\/person\/d1f097e765b92b7107a595f83c662e3a"},"headline":"Goce estetico (que no est\u00e9tico)","datePublished":"2009-08-29T16:47:19+00:00","mainEntityOfPage":{"@id":"https:\/\/seriezeta.com\/k\/goce-estetico-que-no-estetico\/"},"wordCount":228,"commentCount":3,"image":{"@id":"https:\/\/seriezeta.com\/k\/goce-estetico-que-no-estetico\/#primaryimage"},"thumbnailUrl":"http:\/\/www.seriezeta.com\/k\/wp-content\/uploads\/2009\/08\/peonzones_blanquinegros_p.jpg","articleSection":["Cotidi\u00e1ni.K"],"inLanguage":"es","potentialAction":[{"@type":"CommentAction","name":"Comment","target":["https:\/\/seriezeta.com\/k\/goce-estetico-que-no-estetico\/#respond"]}]},{"@type":"WebPage","@id":"https:\/\/seriezeta.com\/k\/goce-estetico-que-no-estetico\/","url":"https:\/\/seriezeta.com\/k\/goce-estetico-que-no-estetico\/","name":"Goce estetico (que no est\u00e9tico) | Sr.K","isPartOf":{"@id":"https:\/\/seriezeta.com\/k\/#website"},"primaryImageOfPage":{"@id":"https:\/\/seriezeta.com\/k\/goce-estetico-que-no-estetico\/#primaryimage"},"image":{"@id":"https:\/\/seriezeta.com\/k\/goce-estetico-que-no-estetico\/#primaryimage"},"thumbnailUrl":"http:\/\/www.seriezeta.com\/k\/wp-content\/uploads\/2009\/08\/peonzones_blanquinegros_p.jpg","datePublished":"2009-08-29T16:47:19+00:00","author":{"@id":"https:\/\/seriezeta.com\/k\/#\/schema\/person\/d1f097e765b92b7107a595f83c662e3a"},"breadcrumb":{"@id":"https:\/\/seriezeta.com\/k\/goce-estetico-que-no-estetico\/#breadcrumb"},"inLanguage":"es","potentialAction":[{"@type":"ReadAction","target":["https:\/\/seriezeta.com\/k\/goce-estetico-que-no-estetico\/"]}]},{"@type":"ImageObject","inLanguage":"es","@id":"https:\/\/seriezeta.com\/k\/goce-estetico-que-no-estetico\/#primaryimage","url":"http:\/\/www.seriezeta.com\/k\/wp-content\/uploads\/2009\/08\/peonzones_blanquinegros_p.jpg","contentUrl":"http:\/\/www.seriezeta.com\/k\/wp-content\/uploads\/2009\/08\/peonzones_blanquinegros_p.jpg"},{"@type":"BreadcrumbList","@id":"https:\/\/seriezeta.com\/k\/goce-estetico-que-no-estetico\/#breadcrumb","itemListElement":[{"@type":"ListItem","position":1,"name":"Portada","item":"https:\/\/seriezeta.com\/k\/"},{"@type":"ListItem","position":2,"name":"Goce estetico (que no est\u00e9tico)"}]},{"@type":"WebSite","@id":"https:\/\/seriezeta.com\/k\/#website","url":"https:\/\/seriezeta.com\/k\/","name":"Sr.K","description":"Del lado sano de mi cabeza","potentialAction":[{"@type":"SearchAction","target":{"@type":"EntryPoint","urlTemplate":"https:\/\/seriezeta.com\/k\/?s={search_term_string}"},"query-input":{"@type":"PropertyValueSpecification","valueRequired":true,"valueName":"search_term_string"}}],"inLanguage":"es"},{"@type":"Person","@id":"https:\/\/seriezeta.com\/k\/#\/schema\/person\/d1f097e765b92b7107a595f83c662e3a","name":"Sr.K","image":{"@type":"ImageObject","inLanguage":"es","@id":"https:\/\/secure.gravatar.com\/avatar\/f4150216c027d16d7fd4f3ef1ab6d1e8084b025230e575ff77617dae33692535?s=96&d=mm&r=g","url":"https:\/\/secure.gravatar.com\/avatar\/f4150216c027d16d7fd4f3ef1ab6d1e8084b025230e575ff77617dae33692535?s=96&d=mm&r=g","contentUrl":"https:\/\/secure.gravatar.com\/avatar\/f4150216c027d16d7fd4f3ef1ab6d1e8084b025230e575ff77617dae33692535?s=96&d=mm&r=g","caption":"Sr.K"},"description":"Reflexiones, narraciones y elucubraciones diversas acompa\u00f1adas de fotograf\u00eda y m\u00fasica.","sameAs":["http:\/\/www.seriezeta.com\/k\/"]}]}},"_links":{"self":[{"href":"https:\/\/seriezeta.com\/k\/wp-json\/wp\/v2\/posts\/552","targetHints":{"allow":["GET"]}}],"collection":[{"href":"https:\/\/seriezeta.com\/k\/wp-json\/wp\/v2\/posts"}],"about":[{"href":"https:\/\/seriezeta.com\/k\/wp-json\/wp\/v2\/types\/post"}],"author":[{"embeddable":true,"href":"https:\/\/seriezeta.com\/k\/wp-json\/wp\/v2\/users\/1"}],"replies":[{"embeddable":true,"href":"https:\/\/seriezeta.com\/k\/wp-json\/wp\/v2\/comments?post=552"}],"version-history":[{"count":0,"href":"https:\/\/seriezeta.com\/k\/wp-json\/wp\/v2\/posts\/552\/revisions"}],"wp:attachment":[{"href":"https:\/\/seriezeta.com\/k\/wp-json\/wp\/v2\/media?parent=552"}],"wp:term":[{"taxonomy":"category","embeddable":true,"href":"https:\/\/seriezeta.com\/k\/wp-json\/wp\/v2\/categories?post=552"},{"taxonomy":"post_tag","embeddable":true,"href":"https:\/\/seriezeta.com\/k\/wp-json\/wp\/v2\/tags?post=552"}],"curies":[{"name":"wp","href":"https:\/\/api.w.org\/{rel}","templated":true}]}}